{"id":89710,"date":"2025-11-21T12:47:50","date_gmt":"2025-11-21T11:47:50","guid":{"rendered":"https:\/\/biteback.be\/?p=89710"},"modified":"2025-11-21T12:53:32","modified_gmt":"2025-11-21T11:53:32","slug":"kritische-vzws-verliezen-subsidies","status":"publish","type":"post","link":"https:\/\/biteback.be\/fr\/kritische-vzws-verliezen-subsidies\/","title":{"rendered":"Reactie Bestuur Bite Back | kritische vzw&#8217;s verliezen subsidies"},"content":{"rendered":"<div data-elementor-type=\"wp-post\" data-elementor-id=\"89710\" class=\"elementor elementor-89710\">\n\t\t\t\t\t\t<section class=\"elementor-section elementor-top-section elementor-element elementor-element-9983d02 elementor-section-boxed elementor-section-height-default elementor-section-height-default\" data-id=\"9983d02\" data-element_type=\"section\" data-e-type=\"section\">\n\t\t\t\t\t\t<div class=\"elementor-container elementor-column-gap-extended\">\n\t\t\t\t\t<div class=\"elementor-column elementor-col-100 elementor-top-column elementor-element elementor-element-e0d77e9 sc_inner_width_none sc_content_align_inherit sc_layouts_column_icons_position_left\" data-id=\"e0d77e9\" data-element_type=\"column\" data-e-type=\"column\">\n\t\t\t<div class=\"elementor-widget-wrap elementor-element-populated\">\n\t\t\t\t\t\t<div class=\"elementor-element elementor-element-a9cd34a sc_fly_static elementor-widget elementor-widget-text-editor\" data-id=\"a9cd34a\" data-element_type=\"widget\" data-e-type=\"widget\" data-widget_type=\"text-editor.default\">\n\t\t\t\t<div class=\"elementor-widget-container\">\n\t\t\t\t\t\t\t\t\t<p><span style=\"font-weight: 400;\">Als <strong>bestuur van Bite Back<\/strong> zijn we erg geschrokken en verontwaardigd over het nieuws dat verschillende vzw\u2019s die <strong>kritisch<\/strong> staan tegenover de overheid (een deel van) hun <strong>middelen verliezen.\u00a0<\/strong><\/span><\/p><p><span style=\"font-weight: 400;\">Wanneer organisaties die de vinger op de zere plek leggen het zwijgen wordt opgelegd, wanneer er geen ander geluid mag bestaan dan dat van de heersende politieke partijen, vormt dat ook voor onze organisatie en voor de <strong>dierenrechtenbeweging<\/strong> in het algemeen een ernstig <strong>gevaar<\/strong>.<\/span><\/p><p><span style=\"font-weight: 400;\">Wij verzetten ons per definitie tegen het heersende idee waarin dieren enkel gezien worden als grondstoffen waarmee geld kan worden verdiend. Wanneer organisaties die op andere vlakken <strong>maatschappelijke veranderingen<\/strong> eisen op deze manier worden aangepakt, moeten we erkennen dat ook onze eigen <strong>bewegingsvrijheid wordt bedreigd.\u00a0<\/strong><\/span><\/p><p><span style=\"font-weight: 400;\">Andere mogelijke maatregelen, zoals de wet-Quintin die het mogelijk maakt om zogenaamde \u201cextremistische\u201d organisaties te verbieden, tonen bovendien duidelijk welke richting deze Arizona-regering uit wil gaan.<\/span><\/p><p><span style=\"font-weight: 400;\">Als dierenrechtenorganisatie zijn we vaak afhankelijk van acties die zich <strong>aan de rand van het wettelijke kader<\/strong> bevinden. Slachthuizen brengen hun misstanden immers niet zelf naar buiten, en een eenvoudige manifestatie krijgt zelden de aandacht die past bij de wantoestanden in de bio-industrie. Daardoor moeten ook wij telkens zoeken naar acties die het publiek w\u00e9l bereiken. Maar wie bepaalt wanneer dit \u201cextremistisch\u201d is? Vanuit de industrie hebben wij dat label al vaak gekregen.<\/span><span style=\"font-weight: 400;\"><br \/><\/span><\/p><p><strong>We spreken daarom onze steun uit voor Labo vzw, Vrede vzw, Vredesactie, Climaxi en Headquarter of the Movement, en we vragen onze leden om zich achter hun strijd te scharen \u2014 zowel voor sociale rechtvaardigheid in onze samenleving als voor de dieren, wier bevrijding enkel mogelijk is door noodzakelijk verzet.\u00a0<\/strong><\/p><p><strong>Wanneer verzet onmogelijk wordt gemaakt, zal ook onze strijd daarvan het slachtoffer zijn.<\/strong><\/p><p><span style=\"font-weight: 400;\">Het Bite Back-bestuur,<\/span><\/p><p><span style=\"font-weight: 400;\">Thomas Heijens<br \/><\/span><span style=\"font-weight: 400;\">Jo Dirix<br \/><\/span><span style=\"font-weight: 400;\">Matthijs Van Marcke<br \/><\/span><span style=\"font-weight: 400;\">Simon Heijens<\/span><\/p>\t\t\t\t\t\t\t\t<\/div>\n\t\t\t\t<\/div>\n\t\t\t\t<div class=\"elementor-element elementor-element-04edbdb sc_fly_static elementor-widget elementor-widget-spacer\" data-id=\"04edbdb\" data-element_type=\"widget\" data-e-type=\"widget\" data-widget_type=\"spacer.default\">\n\t\t\t\t<div class=\"elementor-widget-container\">\n\t\t\t\t\t\t\t<div class=\"elementor-spacer\">\n\t\t\t<div class=\"elementor-spacer-inner\"><\/div>\n\t\t<\/div>\n\t\t\t\t\t\t<\/div>\n\t\t\t\t<\/div>\n\t\t\t\t<div class=\"elementor-element elementor-element-860aaa1 sc_fly_static elementor-widget elementor-widget-image\" data-id=\"860aaa1\" data-element_type=\"widget\" data-e-type=\"widget\" data-widget_type=\"image.default\">\n\t\t\t\t<div class=\"elementor-widget-container\">\n\t\t\t\t\t\t\t\t\t\t\t\t\t\t\t<img fetchpriority=\"high\" decoding=\"async\" width=\"1024\" height=\"819\" src=\"https:\/\/i0.wp.com\/biteback.be\/wp-content\/uploads\/2025\/11\/koshu-kunii-ILpe0MpOYww-unsplash-scaled.jpg?fit=1024%2C819&amp;ssl=1\" class=\"attachment-large size-large wp-image-89712\" alt=\"\" srcset=\"https:\/\/i0.wp.com\/biteback.be\/wp-content\/uploads\/2025\/11\/koshu-kunii-ILpe0MpOYww-unsplash-scaled.jpg?w=2560&amp;ssl=1 2560w, https:\/\/i0.wp.com\/biteback.be\/wp-content\/uploads\/2025\/11\/koshu-kunii-ILpe0MpOYww-unsplash-scaled.jpg?resize=300%2C240&amp;ssl=1 300w, https:\/\/i0.wp.com\/biteback.be\/wp-content\/uploads\/2025\/11\/koshu-kunii-ILpe0MpOYww-unsplash-scaled.jpg?resize=1024%2C819&amp;ssl=1 1024w, https:\/\/i0.wp.com\/biteback.be\/wp-content\/uploads\/2025\/11\/koshu-kunii-ILpe0MpOYww-unsplash-scaled.jpg?resize=768%2C614&amp;ssl=1 768w, https:\/\/i0.wp.com\/biteback.be\/wp-content\/uploads\/2025\/11\/koshu-kunii-ILpe0MpOYww-unsplash-scaled.jpg?resize=1536%2C1229&amp;ssl=1 1536w, https:\/\/i0.wp.com\/biteback.be\/wp-content\/uploads\/2025\/11\/koshu-kunii-ILpe0MpOYww-unsplash-scaled.jpg?resize=2048%2C1638&amp;ssl=1 2048w, https:\/\/i0.wp.com\/biteback.be\/wp-content\/uploads\/2025\/11\/koshu-kunii-ILpe0MpOYww-unsplash-scaled.jpg?resize=15%2C12&amp;ssl=1 15w, https:\/\/i0.wp.com\/biteback.be\/wp-content\/uploads\/2025\/11\/koshu-kunii-ILpe0MpOYww-unsplash-scaled.jpg?resize=370%2C296&amp;ssl=1 370w, https:\/\/i0.wp.com\/biteback.be\/wp-content\/uploads\/2025\/11\/koshu-kunii-ILpe0MpOYww-unsplash-scaled.jpg?resize=770%2C616&amp;ssl=1 770w, https:\/\/i0.wp.com\/biteback.be\/wp-content\/uploads\/2025\/11\/koshu-kunii-ILpe0MpOYww-unsplash-scaled.jpg?resize=1170%2C936&amp;ssl=1 1170w, https:\/\/i0.wp.com\/biteback.be\/wp-content\/uploads\/2025\/11\/koshu-kunii-ILpe0MpOYww-unsplash-scaled.jpg?w=2340&amp;ssl=1 2340w\" sizes=\"(max-width: 1024px) 100vw, 1024px\" \/>\t\t\t\t\t\t\t\t\t\t\t\t\t\t\t<\/div>\n\t\t\t\t<\/div>\n\t\t\t\t\t<\/div>\n\t\t<\/div>\n\t\t\t\t\t<\/div>\n\t\t<\/section>\n\t\t\t\t<\/div>","protected":false},"excerpt":{"rendered":"<p>Op zaterdag 19 juli trok Bite Back de Brusselse straten op om het te hebben over de stadsduif. We deelden flyers uit in drie talen om mensen te sensibiliseren over de duiven die met ons de stad delen. Tegelijk vingen we gewonde duiven om hen op straat te helpen en weer vrij te laten. <\/p>","protected":false},"author":4,"featured_media":89711,"comment_status":"closed","ping_status":"closed","sticky":false,"template":"","format":"standard","meta":{"_jetpack_memberships_contains_paid_content":false,"footnotes":""},"categories":[1,99],"tags":[],"class_list":["post-89710","post","type-post","status-publish","format-standard","has-post-thumbnail","hentry","category-alle-nieuwsberichten","category-blogposts"],"yoast_head":"<!-- This site is optimized with the Yoast SEO plugin v27.4 - https:\/\/yoast.com\/product\/yoast-seo-wordpress\/ -->\n<title>Reactie Bestuur Bite Back | kritische vzw&#039;s verliezen subsidies - Bite Back<\/title>\n<meta name=\"robots\" content=\"index, follow, max-snippet:-1, max-image-preview:large, max-video-preview:-1\" \/>\n<link rel=\"canonical\" href=\"https:\/\/biteback.be\/fr\/kritische-vzws-verliezen-subsidies\/\" \/>\n<meta property=\"og:locale\" content=\"fr_FR\" \/>\n<meta property=\"og:type\" content=\"article\" \/>\n<meta property=\"og:title\" content=\"Reactie Bestuur Bite Back | kritische vzw&#039;s verliezen subsidies - Bite Back\" \/>\n<meta property=\"og:description\" content=\"Op zaterdag 19 juli trok Bite Back de Brusselse straten op om het te hebben over de stadsduif. We deelden flyers uit in drie talen om mensen te sensibiliseren over de duiven die met ons de stad delen. Tegelijk vingen we gewonde duiven om hen op straat te helpen en weer vrij te laten.\" \/>\n<meta property=\"og:url\" content=\"https:\/\/biteback.be\/fr\/kritische-vzws-verliezen-subsidies\/\" \/>\n<meta property=\"og:site_name\" content=\"Bite Back\" \/>\n<meta property=\"article:published_time\" content=\"2025-11-21T11:47:50+00:00\" \/>\n<meta property=\"article:modified_time\" content=\"2025-11-21T11:53:32+00:00\" \/>\n<meta property=\"og:image\" content=\"https:\/\/biteback.be\/wp-content\/uploads\/2025\/11\/clem-onojeghuo-DoA2duXyzRM-unsplash-scaled.jpg\" \/>\n\t<meta property=\"og:image:width\" content=\"2560\" \/>\n\t<meta property=\"og:image:height\" content=\"1706\" \/>\n\t<meta property=\"og:image:type\" content=\"image\/jpeg\" \/>\n<meta name=\"author\" content=\"Anthe Lain\u00e9\" \/>\n<meta name=\"twitter:card\" content=\"summary_large_image\" \/>\n<meta name=\"twitter:label1\" content=\"\u00c9crit par\" \/>\n\t<meta name=\"twitter:data1\" content=\"Anthe Lain\u00e9\" \/>\n\t<meta name=\"twitter:label2\" content=\"Dur\u00e9e de lecture est.\" \/>\n\t<meta name=\"twitter:data2\" content=\"2 minutes\" \/>\n<script type=\"application\/ld+json\" class=\"yoast-schema-graph\">{\"@context\":\"https:\\\/\\\/schema.org\",\"@graph\":[{\"@type\":\"Article\",\"@id\":\"https:\\\/\\\/biteback.be\\\/kritische-vzws-verliezen-subsidies\\\/#article\",\"isPartOf\":{\"@id\":\"https:\\\/\\\/biteback.be\\\/kritische-vzws-verliezen-subsidies\\\/\"},\"author\":{\"name\":\"Anthe Lain\u00e9\",\"@id\":\"https:\\\/\\\/biteback.be\\\/#\\\/schema\\\/person\\\/3732d0b3d52888bc1f2faad7aeec39fd\"},\"headline\":\"Reactie Bestuur Bite Back | kritische vzw&#8217;s verliezen subsidies\",\"datePublished\":\"2025-11-21T11:47:50+00:00\",\"dateModified\":\"2025-11-21T11:53:32+00:00\",\"mainEntityOfPage\":{\"@id\":\"https:\\\/\\\/biteback.be\\\/kritische-vzws-verliezen-subsidies\\\/\"},\"wordCount\":299,\"publisher\":{\"@id\":\"https:\\\/\\\/biteback.be\\\/#organization\"},\"image\":{\"@id\":\"https:\\\/\\\/biteback.be\\\/kritische-vzws-verliezen-subsidies\\\/#primaryimage\"},\"thumbnailUrl\":\"https:\\\/\\\/i0.wp.com\\\/biteback.be\\\/wp-content\\\/uploads\\\/2025\\\/11\\\/clem-onojeghuo-DoA2duXyzRM-unsplash-scaled.jpg?fit=2560%2C1706&ssl=1\",\"articleSection\":[\"Alle berichten\",\"Blogposts\"],\"inLanguage\":\"fr-BE\"},{\"@type\":\"WebPage\",\"@id\":\"https:\\\/\\\/biteback.be\\\/kritische-vzws-verliezen-subsidies\\\/\",\"url\":\"https:\\\/\\\/biteback.be\\\/kritische-vzws-verliezen-subsidies\\\/\",\"name\":\"Reactie Bestuur Bite Back | kritische vzw's verliezen subsidies - Bite Back\",\"isPartOf\":{\"@id\":\"https:\\\/\\\/biteback.be\\\/#website\"},\"primaryImageOfPage\":{\"@id\":\"https:\\\/\\\/biteback.be\\\/kritische-vzws-verliezen-subsidies\\\/#primaryimage\"},\"image\":{\"@id\":\"https:\\\/\\\/biteback.be\\\/kritische-vzws-verliezen-subsidies\\\/#primaryimage\"},\"thumbnailUrl\":\"https:\\\/\\\/i0.wp.com\\\/biteback.be\\\/wp-content\\\/uploads\\\/2025\\\/11\\\/clem-onojeghuo-DoA2duXyzRM-unsplash-scaled.jpg?fit=2560%2C1706&ssl=1\",\"datePublished\":\"2025-11-21T11:47:50+00:00\",\"dateModified\":\"2025-11-21T11:53:32+00:00\",\"breadcrumb\":{\"@id\":\"https:\\\/\\\/biteback.be\\\/kritische-vzws-verliezen-subsidies\\\/#breadcrumb\"},\"inLanguage\":\"fr-BE\",\"potentialAction\":[{\"@type\":\"ReadAction\",\"target\":[\"https:\\\/\\\/biteback.be\\\/kritische-vzws-verliezen-subsidies\\\/\"]}]},{\"@type\":\"ImageObject\",\"inLanguage\":\"fr-BE\",\"@id\":\"https:\\\/\\\/biteback.be\\\/kritische-vzws-verliezen-subsidies\\\/#primaryimage\",\"url\":\"https:\\\/\\\/i0.wp.com\\\/biteback.be\\\/wp-content\\\/uploads\\\/2025\\\/11\\\/clem-onojeghuo-DoA2duXyzRM-unsplash-scaled.jpg?fit=2560%2C1706&ssl=1\",\"contentUrl\":\"https:\\\/\\\/i0.wp.com\\\/biteback.be\\\/wp-content\\\/uploads\\\/2025\\\/11\\\/clem-onojeghuo-DoA2duXyzRM-unsplash-scaled.jpg?fit=2560%2C1706&ssl=1\",\"width\":2560,\"height\":1706},{\"@type\":\"BreadcrumbList\",\"@id\":\"https:\\\/\\\/biteback.be\\\/kritische-vzws-verliezen-subsidies\\\/#breadcrumb\",\"itemListElement\":[{\"@type\":\"ListItem\",\"position\":1,\"name\":\"Home\",\"item\":\"https:\\\/\\\/biteback.be\\\/\"},{\"@type\":\"ListItem\",\"position\":2,\"name\":\"Reactie Bestuur Bite Back | kritische vzw&#8217;s verliezen subsidies\"}]},{\"@type\":\"WebSite\",\"@id\":\"https:\\\/\\\/biteback.be\\\/#website\",\"url\":\"https:\\\/\\\/biteback.be\\\/\",\"name\":\"Bite Back\",\"description\":\"Bite Back - Dierenrechtenorganisatie\",\"publisher\":{\"@id\":\"https:\\\/\\\/biteback.be\\\/#organization\"},\"potentialAction\":[{\"@type\":\"SearchAction\",\"target\":{\"@type\":\"EntryPoint\",\"urlTemplate\":\"https:\\\/\\\/biteback.be\\\/?s={search_term_string}\"},\"query-input\":{\"@type\":\"PropertyValueSpecification\",\"valueRequired\":true,\"valueName\":\"search_term_string\"}}],\"inLanguage\":\"fr-BE\"},{\"@type\":\"Organization\",\"@id\":\"https:\\\/\\\/biteback.be\\\/#organization\",\"name\":\"Bite Back\",\"url\":\"https:\\\/\\\/biteback.be\\\/\",\"logo\":{\"@type\":\"ImageObject\",\"inLanguage\":\"fr-BE\",\"@id\":\"https:\\\/\\\/biteback.be\\\/#\\\/schema\\\/logo\\\/image\\\/\",\"url\":\"https:\\\/\\\/i0.wp.com\\\/biteback.be\\\/wp-content\\\/uploads\\\/2023\\\/09\\\/bite-back-logo-1.jpg?fit=212%2C80&ssl=1\",\"contentUrl\":\"https:\\\/\\\/i0.wp.com\\\/biteback.be\\\/wp-content\\\/uploads\\\/2023\\\/09\\\/bite-back-logo-1.jpg?fit=212%2C80&ssl=1\",\"width\":212,\"height\":80,\"caption\":\"Bite Back\"},\"image\":{\"@id\":\"https:\\\/\\\/biteback.be\\\/#\\\/schema\\\/logo\\\/image\\\/\"}},{\"@type\":\"Person\",\"@id\":\"https:\\\/\\\/biteback.be\\\/#\\\/schema\\\/person\\\/3732d0b3d52888bc1f2faad7aeec39fd\",\"name\":\"Anthe Lain\u00e9\",\"url\":\"https:\\\/\\\/biteback.be\\\/fr\\\/author\\\/anthe\\\/\"}]}<\/script>\n<!-- \/ Yoast SEO plugin. -->","yoast_head_json":{"title":"Reactie Bestuur Bite Back | kritische vzw's verliezen subsidies - Bite Back","robots":{"index":"index","follow":"follow","max-snippet":"max-snippet:-1","max-image-preview":"max-image-preview:large","max-video-preview":"max-video-preview:-1"},"canonical":"https:\/\/biteback.be\/fr\/kritische-vzws-verliezen-subsidies\/","og_locale":"fr_FR","og_type":"article","og_title":"Reactie Bestuur Bite Back | kritische vzw's verliezen subsidies - Bite Back","og_description":"Op zaterdag 19 juli trok Bite Back de Brusselse straten op om het te hebben over de stadsduif. We deelden flyers uit in drie talen om mensen te sensibiliseren over de duiven die met ons de stad delen. Tegelijk vingen we gewonde duiven om hen op straat te helpen en weer vrij te laten.","og_url":"https:\/\/biteback.be\/fr\/kritische-vzws-verliezen-subsidies\/","og_site_name":"Bite Back","article_published_time":"2025-11-21T11:47:50+00:00","article_modified_time":"2025-11-21T11:53:32+00:00","og_image":[{"width":2560,"height":1706,"url":"https:\/\/biteback.be\/wp-content\/uploads\/2025\/11\/clem-onojeghuo-DoA2duXyzRM-unsplash-scaled.jpg","type":"image\/jpeg"}],"author":"Anthe Lain\u00e9","twitter_card":"summary_large_image","twitter_misc":{"\u00c9crit par":"Anthe Lain\u00e9","Dur\u00e9e de lecture est.":"2 minutes"},"schema":{"@context":"https:\/\/schema.org","@graph":[{"@type":"Article","@id":"https:\/\/biteback.be\/kritische-vzws-verliezen-subsidies\/#article","isPartOf":{"@id":"https:\/\/biteback.be\/kritische-vzws-verliezen-subsidies\/"},"author":{"name":"Anthe Lain\u00e9","@id":"https:\/\/biteback.be\/#\/schema\/person\/3732d0b3d52888bc1f2faad7aeec39fd"},"headline":"Reactie Bestuur Bite Back | kritische vzw&#8217;s verliezen subsidies","datePublished":"2025-11-21T11:47:50+00:00","dateModified":"2025-11-21T11:53:32+00:00","mainEntityOfPage":{"@id":"https:\/\/biteback.be\/kritische-vzws-verliezen-subsidies\/"},"wordCount":299,"publisher":{"@id":"https:\/\/biteback.be\/#organization"},"image":{"@id":"https:\/\/biteback.be\/kritische-vzws-verliezen-subsidies\/#primaryimage"},"thumbnailUrl":"https:\/\/i0.wp.com\/biteback.be\/wp-content\/uploads\/2025\/11\/clem-onojeghuo-DoA2duXyzRM-unsplash-scaled.jpg?fit=2560%2C1706&ssl=1","articleSection":["Alle berichten","Blogposts"],"inLanguage":"fr-BE"},{"@type":"WebPage","@id":"https:\/\/biteback.be\/kritische-vzws-verliezen-subsidies\/","url":"https:\/\/biteback.be\/kritische-vzws-verliezen-subsidies\/","name":"Reactie Bestuur Bite Back | kritische vzw's verliezen subsidies - Bite Back","isPartOf":{"@id":"https:\/\/biteback.be\/#website"},"primaryImageOfPage":{"@id":"https:\/\/biteback.be\/kritische-vzws-verliezen-subsidies\/#primaryimage"},"image":{"@id":"https:\/\/biteback.be\/kritische-vzws-verliezen-subsidies\/#primaryimage"},"thumbnailUrl":"https:\/\/i0.wp.com\/biteback.be\/wp-content\/uploads\/2025\/11\/clem-onojeghuo-DoA2duXyzRM-unsplash-scaled.jpg?fit=2560%2C1706&ssl=1","datePublished":"2025-11-21T11:47:50+00:00","dateModified":"2025-11-21T11:53:32+00:00","breadcrumb":{"@id":"https:\/\/biteback.be\/kritische-vzws-verliezen-subsidies\/#breadcrumb"},"inLanguage":"fr-BE","potentialAction":[{"@type":"ReadAction","target":["https:\/\/biteback.be\/kritische-vzws-verliezen-subsidies\/"]}]},{"@type":"ImageObject","inLanguage":"fr-BE","@id":"https:\/\/biteback.be\/kritische-vzws-verliezen-subsidies\/#primaryimage","url":"https:\/\/i0.wp.com\/biteback.be\/wp-content\/uploads\/2025\/11\/clem-onojeghuo-DoA2duXyzRM-unsplash-scaled.jpg?fit=2560%2C1706&ssl=1","contentUrl":"https:\/\/i0.wp.com\/biteback.be\/wp-content\/uploads\/2025\/11\/clem-onojeghuo-DoA2duXyzRM-unsplash-scaled.jpg?fit=2560%2C1706&ssl=1","width":2560,"height":1706},{"@type":"BreadcrumbList","@id":"https:\/\/biteback.be\/kritische-vzws-verliezen-subsidies\/#breadcrumb","itemListElement":[{"@type":"ListItem","position":1,"name":"Home","item":"https:\/\/biteback.be\/"},{"@type":"ListItem","position":2,"name":"Reactie Bestuur Bite Back | kritische vzw&#8217;s verliezen subsidies"}]},{"@type":"WebSite","@id":"https:\/\/biteback.be\/#website","url":"https:\/\/biteback.be\/","name":"Bite Back","description":"Bite Back - Dierenrechtenorganisatie","publisher":{"@id":"https:\/\/biteback.be\/#organization"},"potentialAction":[{"@type":"SearchAction","target":{"@type":"EntryPoint","urlTemplate":"https:\/\/biteback.be\/?s={search_term_string}"},"query-input":{"@type":"PropertyValueSpecification","valueRequired":true,"valueName":"search_term_string"}}],"inLanguage":"fr-BE"},{"@type":"Organization","@id":"https:\/\/biteback.be\/#organization","name":"Bite Back","url":"https:\/\/biteback.be\/","logo":{"@type":"ImageObject","inLanguage":"fr-BE","@id":"https:\/\/biteback.be\/#\/schema\/logo\/image\/","url":"https:\/\/i0.wp.com\/biteback.be\/wp-content\/uploads\/2023\/09\/bite-back-logo-1.jpg?fit=212%2C80&ssl=1","contentUrl":"https:\/\/i0.wp.com\/biteback.be\/wp-content\/uploads\/2023\/09\/bite-back-logo-1.jpg?fit=212%2C80&ssl=1","width":212,"height":80,"caption":"Bite Back"},"image":{"@id":"https:\/\/biteback.be\/#\/schema\/logo\/image\/"}},{"@type":"Person","@id":"https:\/\/biteback.be\/#\/schema\/person\/3732d0b3d52888bc1f2faad7aeec39fd","name":"Anthe Lain\u00e9","url":"https:\/\/biteback.be\/fr\/author\/anthe\/"}]}},"jetpack_featured_media_url":"https:\/\/i0.wp.com\/biteback.be\/wp-content\/uploads\/2025\/11\/clem-onojeghuo-DoA2duXyzRM-unsplash-scaled.jpg?fit=2560%2C1706&ssl=1","jetpack_sharing_enabled":true,"jetpack-related-posts":[],"jetpack_shortlink":"https:\/\/wp.me\/pf4e0W-nkW","_links":{"self":[{"href":"https:\/\/biteback.be\/fr\/wp-json\/wp\/v2\/posts\/89710","targetHints":{"allow":["GET"]}}],"collection":[{"href":"https:\/\/biteback.be\/fr\/wp-json\/wp\/v2\/posts"}],"about":[{"href":"https:\/\/biteback.be\/fr\/wp-json\/wp\/v2\/types\/post"}],"author":[{"embeddable":true,"href":"https:\/\/biteback.be\/fr\/wp-json\/wp\/v2\/users\/4"}],"replies":[{"embeddable":true,"href":"https:\/\/biteback.be\/fr\/wp-json\/wp\/v2\/comments?post=89710"}],"version-history":[{"count":7,"href":"https:\/\/biteback.be\/fr\/wp-json\/wp\/v2\/posts\/89710\/revisions"}],"predecessor-version":[{"id":89719,"href":"https:\/\/biteback.be\/fr\/wp-json\/wp\/v2\/posts\/89710\/revisions\/89719"}],"wp:featuredmedia":[{"embeddable":true,"href":"https:\/\/biteback.be\/fr\/wp-json\/wp\/v2\/media\/89711"}],"wp:attachment":[{"href":"https:\/\/biteback.be\/fr\/wp-json\/wp\/v2\/media?parent=89710"}],"wp:term":[{"taxonomy":"category","embeddable":true,"href":"https:\/\/biteback.be\/fr\/wp-json\/wp\/v2\/categories?post=89710"},{"taxonomy":"post_tag","embeddable":true,"href":"https:\/\/biteback.be\/fr\/wp-json\/wp\/v2\/tags?post=89710"}],"curies":[{"name":"wp","href":"https:\/\/api.w.org\/{rel}","templated":true}]}}