{"id":83422,"date":"2024-11-18T11:58:38","date_gmt":"2024-11-18T10:58:38","guid":{"rendered":"https:\/\/biteback.be\/?p=83422"},"modified":"2024-11-18T12:48:30","modified_gmt":"2024-11-18T11:48:30","slug":"succes-het-dolfinarium-gaat-dicht","status":"publish","type":"post","link":"https:\/\/biteback.be\/fr\/succes-het-dolfinarium-gaat-dicht\/","title":{"rendered":"Enfin! Fermeture du delphinarium"},"content":{"rendered":"<div data-elementor-type=\"wp-post\" data-elementor-id=\"83422\" class=\"elementor elementor-83422\">\n\t\t\t\t\t\t<section class=\"elementor-section elementor-top-section elementor-element elementor-element-2687db42 elementor-section-boxed elementor-section-height-default elementor-section-height-default\" data-id=\"2687db42\" data-element_type=\"section\" data-e-type=\"section\">\n\t\t\t\t\t\t<div class=\"elementor-container elementor-column-gap-extended\">\n\t\t\t\t\t<div class=\"elementor-column elementor-col-100 elementor-top-column elementor-element elementor-element-4fd8d3bb sc_inner_width_none sc_content_align_inherit sc_layouts_column_icons_position_left\" data-id=\"4fd8d3bb\" data-element_type=\"column\" data-e-type=\"column\">\n\t\t\t<div class=\"elementor-widget-wrap elementor-element-populated\">\n\t\t\t\t\t\t<div class=\"elementor-element elementor-element-d702818 sc_fly_static elementor-widget elementor-widget-text-editor\" data-id=\"d702818\" data-element_type=\"widget\" data-e-type=\"widget\" data-widget_type=\"text-editor.default\">\n\t\t\t\t<div class=\"elementor-widget-container\">\n\t\t\t\t\t\t\t\t\t<h4><span style=\"font-weight: 400;\">20 ans de campagne aboutissent : le dernier delphinarium de Flandre doit fermer.<\/span><\/h4><p><span style=\"color: #000000;\"><i><span style=\"font-weight: 400;\">C'est avec une grande satisfaction que nous accueillons l'annonce du ministre du Bien-\u00eatre animal Ben Weyts concernant la fermeture du dernier delphinarium en Flandre. Apr\u00e8s deux d\u00e9cennies de campagne et d'efforts acharn\u00e9s de la part des activistes et des sympathisants, le Baudouin Seapark devra fermer d\u00e9finitivement les portes de son delphinarium en 2037.<\/span><\/i><\/span><\/p><p><span style=\"color: #333333;\"><span style=\"font-weight: 400;\">Cette d\u00e9cision fait suite \u00e0 20 ans de campagne de Bite Back. Anthe Lain\u00e9, qui a pass\u00e9 des ann\u00e9es \u00e0 mener la campagne, tient \u00e0 souligner le r\u00f4le jou\u00e9 par les militants:<\/span><span style=\"font-weight: 400;\">\u00a0\"Vous, nos activistes qui avez protest\u00e9 par tous les temps aux portes du Boudewijn Seapark, \u00eates maintenant entendus. Gr\u00e2ce \u00e0 vos efforts, nous avons fait un grand pas vers la lib\u00e9ration des dauphins.\"<\/span><\/span><\/p><p><span style=\"font-weight: 400; color: #333333;\">Dans son communiqu\u00e9, le ministre Weyts a annonc\u00e9 qu'il revenait sur les dispositions ant\u00e9rieures du code du bien-\u00eatre animal. Alors qu'auparavant, seul un moment d'\u00e9valuation \u00e9tait pr\u00e9vu pour 2037, il a maintenant \u00e9t\u00e9 d\u00e9cid\u00e9 de fermer d\u00e9finitivement le delphinarium. Une d\u00e9cision que nous saluons et qui annonce la fin de la captivit\u00e9 des dauphins en Flandre. Cependant, nous avons encore des questions et des inqui\u00e9tudes.\u00a0<\/span><\/p><p><span style=\"font-weight: 400; color: #333333;\">Par exemple, nous nous demandons pourquoi il faut attendre plus de 12 ans avant de proc\u00e9der \u00e0 la fermeture. Il est dommage que l'on doive d'abord faire des investissements, qu'il faudra ensuite r\u00e9cup\u00e9rer avant de proc\u00e9der \u00e0 la fermeture. Il serait mieux de s'investir \u00e0 100 % dans la recherche d'un nouveau foyer pour les dauphins et de ne pas retarder davantage les choses.\u00a0<\/span><\/p><p><span style=\"color: #333333;\"><span style=\"font-weight: 400;\">Nous demandons au ministre Weyts de veiller \u00e0 ce qu'ASPRO, la soci\u00e9t\u00e9 m\u00e8re espagnole, intervienne d\u00e8s maintenant pour trouver une solution pour les dauphins et n'attende pas 2036 pour les transf\u00e9rer dans un autre delphinarium.\u00a0<\/span><span style=\"background-color: transparent; font-family: Arial, sans-serif; font-size: 11pt; font-style: normal; font-weight: 400; white-space-collapse: preserve;\">De toute fa\u00e7on, des discussions devront encore avoir lieu entre le gouvernement et les op\u00e9rateurs pour convenir des modalit\u00e9s d'une relocalisation s\u00fbre et pour d\u00e9terminer qui en supportera les co\u00fbts.<\/span><span style=\"font-size: 16px; font-weight: 400;\">\u00a0<\/span>Le transfert en toute s\u00e9curit\u00e9 vers un sanctuaire reste une priorit\u00e9 pour nous.<\/span><\/p><p><span style=\"font-weight: 400; color: #333333;\">Baudouin Seapark a inform\u00e9 la VRT qu'elle envisageait une action en justice contre cette d\u00e9cision. Entre-temps, nous ne nous laisserons pas d\u00e9courager et resterons combatifs.\u00a0<\/span><\/p><p><span style=\"color: #333333;\"><span style=\"font-weight: 400;\">Nous allons maintenant r\u00e9fl\u00e9chir \u00e0 la mani\u00e8re dont nous pouvons exercer une pression suppl\u00e9mentaire pour que les dauphins puissent \u00eatre transf\u00e9r\u00e9s dans un meilleur endroit le plus rapidement possible. La victoire est l\u00e0, mais le travail n'est pas encore termin\u00e9.\u00a0<\/span><span style=\"font-size: 16px; font-weight: 400;\">Nous demandons au ministre Weyts de faire preuve de la m\u00eame combativit\u00e9 et de ne pas reculer devant les menaces juridiques du delphinarium.<\/span><\/span><\/p>\t\t\t\t\t\t\t\t<\/div>\n\t\t\t\t<\/div>\n\t\t\t\t<div class=\"elementor-element elementor-element-e6254a0 sc_fly_static elementor-widget elementor-widget-spacer\" data-id=\"e6254a0\" data-element_type=\"widget\" data-e-type=\"widget\" data-widget_type=\"spacer.default\">\n\t\t\t\t<div class=\"elementor-widget-container\">\n\t\t\t\t\t\t\t<div class=\"elementor-spacer\">\n\t\t\t<div class=\"elementor-spacer-inner\"><\/div>\n\t\t<\/div>\n\t\t\t\t\t\t<\/div>\n\t\t\t\t<\/div>\n\t\t\t\t<div class=\"elementor-element elementor-element-0967ceb sc_fly_static elementor-widget elementor-widget-text-editor\" data-id=\"0967ceb\" data-element_type=\"widget\" data-e-type=\"widget\" data-widget_type=\"text-editor.default\">\n\t\t\t\t<div class=\"elementor-widget-container\">\n\t\t\t\t\t\t\t\t\t<p><strong>Remerciements<\/strong><\/p>\n<p>Nous tenons \u00e0 remercier tous les militants qui ont particip\u00e9 \u00e0 notre campagne au cours des 20 derni\u00e8res ann\u00e9es. Qu'il s'agisse de recueillir des signatures de p\u00e9tition, de faire campagne en ligne, de participer aux manifestations ou de contribuer aux s\u00e9ances de r\u00e9flexion et aux r\u00e9unions d'action, cette importante victoire a \u00e9t\u00e9 rendue possible gr\u00e2ce \u00e0 vous. Ensemble, nous continuons \u00e0 lutter pour un monde o\u00f9 les droits des animaux sont respect\u00e9s.<\/p>\t\t\t\t\t\t\t\t<\/div>\n\t\t\t\t<\/div>\n\t\t\t\t\t<\/div>\n\t\t<\/div>\n\t\t\t\t\t<\/div>\n\t\t<\/section>\n\t\t\t\t<section class=\"elementor-section elementor-top-section elementor-element elementor-element-d629160 elementor-section-boxed elementor-section-height-default elementor-section-height-default\" data-id=\"d629160\" data-element_type=\"section\" data-e-type=\"section\">\n\t\t\t\t\t\t<div class=\"elementor-container elementor-column-gap-extended\">\n\t\t\t\t\t<div class=\"elementor-column elementor-col-100 elementor-top-column elementor-element elementor-element-59aa77a sc_inner_width_none sc_content_align_inherit sc_layouts_column_icons_position_left\" data-id=\"59aa77a\" data-element_type=\"column\" data-e-type=\"column\">\n\t\t\t<div class=\"elementor-widget-wrap\">\n\t\t\t\t\t\t\t<\/div>\n\t\t<\/div>\n\t\t\t\t\t<\/div>\n\t\t<\/section>\n\t\t\t\t<\/div>","protected":false},"excerpt":{"rendered":"<p>20 ans de campagne aboutissent : le dernier delphinarium de Flandre doit fermer.<\/p>","protected":false},"author":10,"featured_media":80839,"comment_status":"closed","ping_status":"closed","sticky":false,"template":"","format":"standard","meta":{"_jetpack_memberships_contains_paid_content":false,"footnotes":""},"categories":[1,99,54],"tags":[113,109,110,120,121],"class_list":["post-83422","post","type-post","status-publish","format-standard","has-post-thumbnail","hentry","category-alle-nieuwsberichten","category-blogposts","category-stop-de-dierindustrie","tag-ben-weyts","tag-boudewijn-seapark","tag-brugge","tag-dolfijnen-vrij","tag-empty-the-tanks"],"yoast_head":"<!-- This site is optimized with the Yoast SEO plugin v27.5 - https:\/\/yoast.com\/product\/yoast-seo-wordpress\/ -->\n<title>Succes! Het dolfinarium gaat dicht - Bite Back<\/title>\n<meta name=\"robots\" content=\"index, follow, max-snippet:-1, max-image-preview:large, max-video-preview:-1\" \/>\n<link rel=\"canonical\" href=\"https:\/\/biteback.be\/fr\/succes-het-dolfinarium-gaat-dicht\/\" \/>\n<meta property=\"og:locale\" content=\"fr_FR\" \/>\n<meta property=\"og:type\" content=\"article\" \/>\n<meta property=\"og:title\" content=\"Succes! Het dolfinarium gaat dicht - Bite Back\" \/>\n<meta property=\"og:description\" content=\"20 jaar campagne voeren levert op: Laatste dolfinarium in Vlaanderen moet dicht\" \/>\n<meta property=\"og:url\" content=\"https:\/\/biteback.be\/fr\/succes-het-dolfinarium-gaat-dicht\/\" \/>\n<meta property=\"og:site_name\" content=\"Bite Back\" \/>\n<meta property=\"article:published_time\" content=\"2024-11-18T10:58:38+00:00\" \/>\n<meta property=\"article:modified_time\" content=\"2024-11-18T11:48:30+00:00\" \/>\n<meta property=\"og:image\" content=\"https:\/\/biteback.be\/wp-content\/uploads\/2024\/05\/IMG_9361.jpeg\" \/>\n\t<meta property=\"og:image:width\" content=\"1280\" \/>\n\t<meta property=\"og:image:height\" content=\"854\" \/>\n\t<meta property=\"og:image:type\" content=\"image\/jpeg\" \/>\n<meta name=\"author\" content=\"Tom Merlevede\" \/>\n<meta name=\"twitter:card\" content=\"summary_large_image\" \/>\n<meta name=\"twitter:label1\" content=\"\u00c9crit par\" \/>\n\t<meta name=\"twitter:data1\" content=\"Tom Merlevede\" \/>\n\t<meta name=\"twitter:label2\" content=\"Dur\u00e9e de lecture est.\" \/>\n\t<meta name=\"twitter:data2\" content=\"3 minutes\" \/>\n<script type=\"application\/ld+json\" class=\"yoast-schema-graph\">{\"@context\":\"https:\\\/\\\/schema.org\",\"@graph\":[{\"@type\":\"Article\",\"@id\":\"https:\\\/\\\/biteback.be\\\/succes-het-dolfinarium-gaat-dicht\\\/#article\",\"isPartOf\":{\"@id\":\"https:\\\/\\\/biteback.be\\\/succes-het-dolfinarium-gaat-dicht\\\/\"},\"author\":{\"name\":\"Tom Merlevede\",\"@id\":\"https:\\\/\\\/biteback.be\\\/#\\\/schema\\\/person\\\/cbab2087fb0df8db0ae15a47c01df6f1\"},\"headline\":\"Succes! Het dolfinarium gaat dicht\",\"datePublished\":\"2024-11-18T10:58:38+00:00\",\"dateModified\":\"2024-11-18T11:48:30+00:00\",\"mainEntityOfPage\":{\"@id\":\"https:\\\/\\\/biteback.be\\\/succes-het-dolfinarium-gaat-dicht\\\/\"},\"wordCount\":475,\"publisher\":{\"@id\":\"https:\\\/\\\/biteback.be\\\/#organization\"},\"image\":{\"@id\":\"https:\\\/\\\/biteback.be\\\/succes-het-dolfinarium-gaat-dicht\\\/#primaryimage\"},\"thumbnailUrl\":\"https:\\\/\\\/i0.wp.com\\\/biteback.be\\\/wp-content\\\/uploads\\\/2024\\\/05\\\/IMG_9361.jpeg?fit=1280%2C854&ssl=1\",\"keywords\":[\"Ben Weyts\",\"Boudewijn Seapark\",\"Brugge\",\"Dolfijnen Vrij\",\"Empty The Tanks\"],\"articleSection\":[\"Alle berichten\",\"Blogposts\",\"Stop de Dierindustrie\"],\"inLanguage\":\"fr-BE\"},{\"@type\":\"WebPage\",\"@id\":\"https:\\\/\\\/biteback.be\\\/succes-het-dolfinarium-gaat-dicht\\\/\",\"url\":\"https:\\\/\\\/biteback.be\\\/succes-het-dolfinarium-gaat-dicht\\\/\",\"name\":\"Succes! Het dolfinarium gaat dicht - Bite Back\",\"isPartOf\":{\"@id\":\"https:\\\/\\\/biteback.be\\\/#website\"},\"primaryImageOfPage\":{\"@id\":\"https:\\\/\\\/biteback.be\\\/succes-het-dolfinarium-gaat-dicht\\\/#primaryimage\"},\"image\":{\"@id\":\"https:\\\/\\\/biteback.be\\\/succes-het-dolfinarium-gaat-dicht\\\/#primaryimage\"},\"thumbnailUrl\":\"https:\\\/\\\/i0.wp.com\\\/biteback.be\\\/wp-content\\\/uploads\\\/2024\\\/05\\\/IMG_9361.jpeg?fit=1280%2C854&ssl=1\",\"datePublished\":\"2024-11-18T10:58:38+00:00\",\"dateModified\":\"2024-11-18T11:48:30+00:00\",\"breadcrumb\":{\"@id\":\"https:\\\/\\\/biteback.be\\\/succes-het-dolfinarium-gaat-dicht\\\/#breadcrumb\"},\"inLanguage\":\"fr-BE\",\"potentialAction\":[{\"@type\":\"ReadAction\",\"target\":[\"https:\\\/\\\/biteback.be\\\/succes-het-dolfinarium-gaat-dicht\\\/\"]}]},{\"@type\":\"ImageObject\",\"inLanguage\":\"fr-BE\",\"@id\":\"https:\\\/\\\/biteback.be\\\/succes-het-dolfinarium-gaat-dicht\\\/#primaryimage\",\"url\":\"https:\\\/\\\/i0.wp.com\\\/biteback.be\\\/wp-content\\\/uploads\\\/2024\\\/05\\\/IMG_9361.jpeg?fit=1280%2C854&ssl=1\",\"contentUrl\":\"https:\\\/\\\/i0.wp.com\\\/biteback.be\\\/wp-content\\\/uploads\\\/2024\\\/05\\\/IMG_9361.jpeg?fit=1280%2C854&ssl=1\",\"width\":1280,\"height\":854},{\"@type\":\"BreadcrumbList\",\"@id\":\"https:\\\/\\\/biteback.be\\\/succes-het-dolfinarium-gaat-dicht\\\/#breadcrumb\",\"itemListElement\":[{\"@type\":\"ListItem\",\"position\":1,\"name\":\"Home\",\"item\":\"https:\\\/\\\/biteback.be\\\/\"},{\"@type\":\"ListItem\",\"position\":2,\"name\":\"Succes! Het dolfinarium gaat dicht\"}]},{\"@type\":\"WebSite\",\"@id\":\"https:\\\/\\\/biteback.be\\\/#website\",\"url\":\"https:\\\/\\\/biteback.be\\\/\",\"name\":\"Bite Back\",\"description\":\"Bite Back - Dierenrechtenorganisatie\",\"publisher\":{\"@id\":\"https:\\\/\\\/biteback.be\\\/#organization\"},\"potentialAction\":[{\"@type\":\"SearchAction\",\"target\":{\"@type\":\"EntryPoint\",\"urlTemplate\":\"https:\\\/\\\/biteback.be\\\/?s={search_term_string}\"},\"query-input\":{\"@type\":\"PropertyValueSpecification\",\"valueRequired\":true,\"valueName\":\"search_term_string\"}}],\"inLanguage\":\"fr-BE\"},{\"@type\":\"Organization\",\"@id\":\"https:\\\/\\\/biteback.be\\\/#organization\",\"name\":\"Bite Back\",\"url\":\"https:\\\/\\\/biteback.be\\\/\",\"logo\":{\"@type\":\"ImageObject\",\"inLanguage\":\"fr-BE\",\"@id\":\"https:\\\/\\\/biteback.be\\\/#\\\/schema\\\/logo\\\/image\\\/\",\"url\":\"https:\\\/\\\/i0.wp.com\\\/biteback.be\\\/wp-content\\\/uploads\\\/2023\\\/09\\\/bite-back-logo-1.jpg?fit=212%2C80&ssl=1\",\"contentUrl\":\"https:\\\/\\\/i0.wp.com\\\/biteback.be\\\/wp-content\\\/uploads\\\/2023\\\/09\\\/bite-back-logo-1.jpg?fit=212%2C80&ssl=1\",\"width\":212,\"height\":80,\"caption\":\"Bite Back\"},\"image\":{\"@id\":\"https:\\\/\\\/biteback.be\\\/#\\\/schema\\\/logo\\\/image\\\/\"}},{\"@type\":\"Person\",\"@id\":\"https:\\\/\\\/biteback.be\\\/#\\\/schema\\\/person\\\/cbab2087fb0df8db0ae15a47c01df6f1\",\"name\":\"Tom Merlevede\",\"url\":\"https:\\\/\\\/biteback.be\\\/fr\\\/author\\\/tom\\\/\"}]}<\/script>\n<!-- \/ Yoast SEO plugin. -->","yoast_head_json":{"title":"Succes! Het dolfinarium gaat dicht - Bite Back","robots":{"index":"index","follow":"follow","max-snippet":"max-snippet:-1","max-image-preview":"max-image-preview:large","max-video-preview":"max-video-preview:-1"},"canonical":"https:\/\/biteback.be\/fr\/succes-het-dolfinarium-gaat-dicht\/","og_locale":"fr_FR","og_type":"article","og_title":"Succes! Het dolfinarium gaat dicht - Bite Back","og_description":"20 jaar campagne voeren levert op: Laatste dolfinarium in Vlaanderen moet dicht","og_url":"https:\/\/biteback.be\/fr\/succes-het-dolfinarium-gaat-dicht\/","og_site_name":"Bite Back","article_published_time":"2024-11-18T10:58:38+00:00","article_modified_time":"2024-11-18T11:48:30+00:00","og_image":[{"width":1280,"height":854,"url":"https:\/\/biteback.be\/wp-content\/uploads\/2024\/05\/IMG_9361.jpeg","type":"image\/jpeg"}],"author":"Tom Merlevede","twitter_card":"summary_large_image","twitter_misc":{"\u00c9crit par":"Tom Merlevede","Dur\u00e9e de lecture est.":"3 minutes"},"schema":{"@context":"https:\/\/schema.org","@graph":[{"@type":"Article","@id":"https:\/\/biteback.be\/succes-het-dolfinarium-gaat-dicht\/#article","isPartOf":{"@id":"https:\/\/biteback.be\/succes-het-dolfinarium-gaat-dicht\/"},"author":{"name":"Tom Merlevede","@id":"https:\/\/biteback.be\/#\/schema\/person\/cbab2087fb0df8db0ae15a47c01df6f1"},"headline":"Succes! Het dolfinarium gaat dicht","datePublished":"2024-11-18T10:58:38+00:00","dateModified":"2024-11-18T11:48:30+00:00","mainEntityOfPage":{"@id":"https:\/\/biteback.be\/succes-het-dolfinarium-gaat-dicht\/"},"wordCount":475,"publisher":{"@id":"https:\/\/biteback.be\/#organization"},"image":{"@id":"https:\/\/biteback.be\/succes-het-dolfinarium-gaat-dicht\/#primaryimage"},"thumbnailUrl":"https:\/\/i0.wp.com\/biteback.be\/wp-content\/uploads\/2024\/05\/IMG_9361.jpeg?fit=1280%2C854&ssl=1","keywords":["Ben Weyts","Boudewijn Seapark","Brugge","Dolfijnen Vrij","Empty The Tanks"],"articleSection":["Alle berichten","Blogposts","Stop de Dierindustrie"],"inLanguage":"fr-BE"},{"@type":"WebPage","@id":"https:\/\/biteback.be\/succes-het-dolfinarium-gaat-dicht\/","url":"https:\/\/biteback.be\/succes-het-dolfinarium-gaat-dicht\/","name":"Succes! Het dolfinarium gaat dicht - Bite Back","isPartOf":{"@id":"https:\/\/biteback.be\/#website"},"primaryImageOfPage":{"@id":"https:\/\/biteback.be\/succes-het-dolfinarium-gaat-dicht\/#primaryimage"},"image":{"@id":"https:\/\/biteback.be\/succes-het-dolfinarium-gaat-dicht\/#primaryimage"},"thumbnailUrl":"https:\/\/i0.wp.com\/biteback.be\/wp-content\/uploads\/2024\/05\/IMG_9361.jpeg?fit=1280%2C854&ssl=1","datePublished":"2024-11-18T10:58:38+00:00","dateModified":"2024-11-18T11:48:30+00:00","breadcrumb":{"@id":"https:\/\/biteback.be\/succes-het-dolfinarium-gaat-dicht\/#breadcrumb"},"inLanguage":"fr-BE","potentialAction":[{"@type":"ReadAction","target":["https:\/\/biteback.be\/succes-het-dolfinarium-gaat-dicht\/"]}]},{"@type":"ImageObject","inLanguage":"fr-BE","@id":"https:\/\/biteback.be\/succes-het-dolfinarium-gaat-dicht\/#primaryimage","url":"https:\/\/i0.wp.com\/biteback.be\/wp-content\/uploads\/2024\/05\/IMG_9361.jpeg?fit=1280%2C854&ssl=1","contentUrl":"https:\/\/i0.wp.com\/biteback.be\/wp-content\/uploads\/2024\/05\/IMG_9361.jpeg?fit=1280%2C854&ssl=1","width":1280,"height":854},{"@type":"BreadcrumbList","@id":"https:\/\/biteback.be\/succes-het-dolfinarium-gaat-dicht\/#breadcrumb","itemListElement":[{"@type":"ListItem","position":1,"name":"Home","item":"https:\/\/biteback.be\/"},{"@type":"ListItem","position":2,"name":"Succes! Het dolfinarium gaat dicht"}]},{"@type":"WebSite","@id":"https:\/\/biteback.be\/#website","url":"https:\/\/biteback.be\/","name":"Bite Back","description":"Bite Back - Dierenrechtenorganisatie","publisher":{"@id":"https:\/\/biteback.be\/#organization"},"potentialAction":[{"@type":"SearchAction","target":{"@type":"EntryPoint","urlTemplate":"https:\/\/biteback.be\/?s={search_term_string}"},"query-input":{"@type":"PropertyValueSpecification","valueRequired":true,"valueName":"search_term_string"}}],"inLanguage":"fr-BE"},{"@type":"Organization","@id":"https:\/\/biteback.be\/#organization","name":"Bite Back","url":"https:\/\/biteback.be\/","logo":{"@type":"ImageObject","inLanguage":"fr-BE","@id":"https:\/\/biteback.be\/#\/schema\/logo\/image\/","url":"https:\/\/i0.wp.com\/biteback.be\/wp-content\/uploads\/2023\/09\/bite-back-logo-1.jpg?fit=212%2C80&ssl=1","contentUrl":"https:\/\/i0.wp.com\/biteback.be\/wp-content\/uploads\/2023\/09\/bite-back-logo-1.jpg?fit=212%2C80&ssl=1","width":212,"height":80,"caption":"Bite Back"},"image":{"@id":"https:\/\/biteback.be\/#\/schema\/logo\/image\/"}},{"@type":"Person","@id":"https:\/\/biteback.be\/#\/schema\/person\/cbab2087fb0df8db0ae15a47c01df6f1","name":"Tom Merlevede","url":"https:\/\/biteback.be\/fr\/author\/tom\/"}]}},"jetpack_featured_media_url":"https:\/\/i0.wp.com\/biteback.be\/wp-content\/uploads\/2024\/05\/IMG_9361.jpeg?fit=1280%2C854&ssl=1","jetpack_sharing_enabled":true,"jetpack-related-posts":[],"jetpack_shortlink":"https:\/\/wp.me\/pf4e0W-lHw","_links":{"self":[{"href":"https:\/\/biteback.be\/fr\/wp-json\/wp\/v2\/posts\/83422","targetHints":{"allow":["GET"]}}],"collection":[{"href":"https:\/\/biteback.be\/fr\/wp-json\/wp\/v2\/posts"}],"about":[{"href":"https:\/\/biteback.be\/fr\/wp-json\/wp\/v2\/types\/post"}],"author":[{"embeddable":true,"href":"https:\/\/biteback.be\/fr\/wp-json\/wp\/v2\/users\/10"}],"replies":[{"embeddable":true,"href":"https:\/\/biteback.be\/fr\/wp-json\/wp\/v2\/comments?post=83422"}],"version-history":[{"count":22,"href":"https:\/\/biteback.be\/fr\/wp-json\/wp\/v2\/posts\/83422\/revisions"}],"predecessor-version":[{"id":83463,"href":"https:\/\/biteback.be\/fr\/wp-json\/wp\/v2\/posts\/83422\/revisions\/83463"}],"wp:featuredmedia":[{"embeddable":true,"href":"https:\/\/biteback.be\/fr\/wp-json\/wp\/v2\/media\/80839"}],"wp:attachment":[{"href":"https:\/\/biteback.be\/fr\/wp-json\/wp\/v2\/media?parent=83422"}],"wp:term":[{"taxonomy":"category","embeddable":true,"href":"https:\/\/biteback.be\/fr\/wp-json\/wp\/v2\/categories?post=83422"},{"taxonomy":"post_tag","embeddable":true,"href":"https:\/\/biteback.be\/fr\/wp-json\/wp\/v2\/tags?post=83422"}],"curies":[{"name":"wp","href":"https:\/\/api.w.org\/{rel}","templated":true}]}}