{"id":82104,"date":"2024-07-25T13:22:36","date_gmt":"2024-07-25T12:22:36","guid":{"rendered":"https:\/\/biteback.be\/?p=82104"},"modified":"2025-02-11T17:39:17","modified_gmt":"2025-02-11T16:39:17","slug":"e-mailactie-lidl-stop-konijnenvlees-stop-konijnenleed","status":"publish","type":"post","link":"https:\/\/biteback.be\/fr\/e-mailactie-lidl-stop-konijnenvlees-stop-konijnenleed\/","title":{"rendered":"Action par courriel Lidl - Stop \u00e0 la viande de lapin, stop \u00e0 la souffrance des lapins"},"content":{"rendered":"<div data-elementor-type=\"wp-post\" data-elementor-id=\"82104\" class=\"elementor elementor-82104\">\n\t\t\t\t\t\t<section class=\"elementor-section elementor-top-section elementor-element elementor-element-2687db42 elementor-section-boxed elementor-section-height-default elementor-section-height-default\" data-id=\"2687db42\" data-element_type=\"section\" data-e-type=\"section\">\n\t\t\t\t\t\t<div class=\"elementor-container elementor-column-gap-extended\">\n\t\t\t\t\t<div class=\"elementor-column elementor-col-100 elementor-top-column elementor-element elementor-element-4fd8d3bb sc_inner_width_none sc_content_align_inherit sc_layouts_column_icons_position_left\" data-id=\"4fd8d3bb\" data-element_type=\"column\" data-e-type=\"column\">\n\t\t\t<div class=\"elementor-widget-wrap elementor-element-populated\">\n\t\t\t\t\t\t<div class=\"elementor-element elementor-element-3ec57bf8 sc_fly_static elementor-widget elementor-widget-text-editor\" data-id=\"3ec57bf8\" data-element_type=\"widget\" data-e-type=\"widget\" data-widget_type=\"text-editor.default\">\n\t\t\t\t<div class=\"elementor-widget-container\">\n\t\t\t\t\t\t\t\t\t<p><span style=\"font-weight: 400;\">Nous voulons que notre campagne <\/span><i><span style=\"font-weight: 400;\">Mettre fin aux souffrances des lapins<\/span><\/i><span style=\"font-weight: 400;\"> mette fin \u00e0 <strong>la production et \u00e0 la consommation de viande de lapin en Belgique.<\/strong> Nous sensibilisons les consommateurs, posons des questions au Parlement, menons des enqu\u00eates, intentons des actions en justice contre les \u00e9levages de lapins et les abattoirs, et ciblons \u00e9galement <strong>les cha\u00eenes de distribution.<\/strong>Ils sont le lien <strong>entre l'entreprise et le consommateur<\/strong>, car ils ach\u00e8tent et vendent. <\/span><span style=\"font-weight: 400;\">L'ann\u00e9e derni\u00e8re, des recherches et des images ont montr\u00e9 que l'industrie de la viande de lapin n'est pas respectueuse des animaux. <\/span><span style=\"font-weight: 400;\">Selon nous, cette viande n'a pas sa place dans les rayons des magasins.<\/span><\/p>\t\t\t\t\t\t\t\t<\/div>\n\t\t\t\t<\/div>\n\t\t\t\t<div class=\"elementor-element elementor-element-f2af712 sc_fly_static elementor-widget elementor-widget-spacer\" data-id=\"f2af712\" data-element_type=\"widget\" data-e-type=\"widget\" data-widget_type=\"spacer.default\">\n\t\t\t\t<div class=\"elementor-widget-container\">\n\t\t\t\t\t\t\t<div class=\"elementor-spacer\">\n\t\t\t<div class=\"elementor-spacer-inner\"><\/div>\n\t\t<\/div>\n\t\t\t\t\t\t<\/div>\n\t\t\t\t<\/div>\n\t\t\t\t<div class=\"elementor-element elementor-element-0361b06 sc_fly_static elementor-widget elementor-widget-heading\" data-id=\"0361b06\" data-element_type=\"widget\" data-e-type=\"widget\" data-widget_type=\"heading.default\">\n\t\t\t\t<div class=\"elementor-widget-container\">\n\t\t\t\t\t<h4 class=\"elementor-heading-title elementor-size-default\">Aidez-nous \u00e0 convaincre Lidl Belgium de ne plus proposer de viande de lapin \u00e0 l'automne prochain! <\/h4>\t\t\t\t<\/div>\n\t\t\t\t<\/div>\n\t\t\t\t<div class=\"elementor-element elementor-element-c018253 sc_fly_static elementor-widget elementor-widget-spacer\" data-id=\"c018253\" data-element_type=\"widget\" data-e-type=\"widget\" data-widget_type=\"spacer.default\">\n\t\t\t\t<div class=\"elementor-widget-container\">\n\t\t\t\t\t\t\t<div class=\"elementor-spacer\">\n\t\t\t<div class=\"elementor-spacer-inner\"><\/div>\n\t\t<\/div>\n\t\t\t\t\t\t<\/div>\n\t\t\t\t<\/div>\n\t\t\t\t<div class=\"elementor-element elementor-element-d702818 sc_fly_static elementor-widget elementor-widget-text-editor\" data-id=\"d702818\" data-element_type=\"widget\" data-e-type=\"widget\" data-widget_type=\"text-editor.default\">\n\t\t\t\t<div class=\"elementor-widget-container\">\n\t\t\t\t\t\t\t\t\t<p><span style=\"font-weight: 400;\">Le lapin est traditionnellement plus consomm\u00e9 <strong>en automne<\/strong> et les magasins remplissent \u00e0 nouveau leurs rayons de viande de lapin. <strong>En agissant maintenant, nous voulons persuader Lidl de retirer le lapin de ses magasins \u00e0 l'automne prochain.<\/strong><\/span><\/p><h6><strong>Que faire?<\/strong><\/h6><p><span style=\"font-weight: 400;\">Envoyez notre lettre, avec ou sans vos modifications, via <\/span><a href=\"https:\/\/service.lidl.be\/SelfServiceBE\/s\/contactsupport?language=nl_BE\"><span style=\"font-weight: 400;\">le formulaire de contact<\/span><\/a><span style=\"font-weight: 400;\"> \u00e0 Lidl Belgique. En bas de page, n'oubliez pas d'ajouter votre nom et votre ville.<\/span><\/p><p><span style=\"font-weight: 400;\">La lettre peut \u00eatre consult\u00e9e ci-dessous.<\/span><\/p>\t\t\t\t\t\t\t\t<\/div>\n\t\t\t\t<\/div>\n\t\t\t\t<div class=\"elementor-element elementor-element-2ea1f11 sc_fly_static elementor-widget elementor-widget-spacer\" data-id=\"2ea1f11\" data-element_type=\"widget\" data-e-type=\"widget\" data-widget_type=\"spacer.default\">\n\t\t\t\t<div class=\"elementor-widget-container\">\n\t\t\t\t\t\t\t<div class=\"elementor-spacer\">\n\t\t\t<div class=\"elementor-spacer-inner\"><\/div>\n\t\t<\/div>\n\t\t\t\t\t\t<\/div>\n\t\t\t\t<\/div>\n\t\t\t\t<div class=\"elementor-element elementor-element-1c3b180 sc_fly_static elementor-widget elementor-widget-button\" data-id=\"1c3b180\" data-element_type=\"widget\" data-e-type=\"widget\" data-widget_type=\"button.default\">\n\t\t\t\t<div class=\"elementor-widget-container\">\n\t\t\t\t\t\t\t\t\t<div class=\"elementor-button-wrapper\">\n\t\t\t\t\t<a class=\"elementor-button elementor-button-link elementor-size-sm\" href=\"https:\/\/service.lidl.be\/SelfServiceBE\/s\/contactsupport?language=nl_BE\">\n\t\t\t\t\t\t<span class=\"elementor-button-content-wrapper\">\n\t\t\t\t\t\t<span class=\"elementor-button-icon\">\n\t\t\t\t<i aria-hidden=\"true\" class=\"far fa-envelope\"><\/i>\t\t\t<\/span>\n\t\t\t\t\t\t\t\t\t<span class=\"elementor-button-text\">Envoyez Lidl un courriel!<\/span>\n\t\t\t\t\t<\/span>\n\t\t\t\t\t<\/a>\n\t\t\t\t<\/div>\n\t\t\t\t\t\t\t\t<\/div>\n\t\t\t\t<\/div>\n\t\t\t\t<div class=\"elementor-element elementor-element-ec17c85 sc_fly_static elementor-widget elementor-widget-spacer\" data-id=\"ec17c85\" data-element_type=\"widget\" data-e-type=\"widget\" data-widget_type=\"spacer.default\">\n\t\t\t\t<div class=\"elementor-widget-container\">\n\t\t\t\t\t\t\t<div class=\"elementor-spacer\">\n\t\t\t<div class=\"elementor-spacer-inner\"><\/div>\n\t\t<\/div>\n\t\t\t\t\t\t<\/div>\n\t\t\t\t<\/div>\n\t\t\t\t<div class=\"elementor-element elementor-element-85e9249 elementor-widget-divider--view-line sc_fly_static elementor-widget elementor-widget-divider\" data-id=\"85e9249\" data-element_type=\"widget\" data-e-type=\"widget\" data-widget_type=\"divider.default\">\n\t\t\t\t<div class=\"elementor-widget-container\">\n\t\t\t\t\t\t\t<div class=\"elementor-divider\">\n\t\t\t<span class=\"elementor-divider-separator\">\n\t\t\t\t\t\t<\/span>\n\t\t<\/div>\n\t\t\t\t\t\t<\/div>\n\t\t\t\t<\/div>\n\t\t\t\t<div class=\"elementor-element elementor-element-0b985bc sc_fly_static elementor-widget elementor-widget-spacer\" data-id=\"0b985bc\" data-element_type=\"widget\" data-e-type=\"widget\" data-widget_type=\"spacer.default\">\n\t\t\t\t<div class=\"elementor-widget-container\">\n\t\t\t\t\t\t\t<div class=\"elementor-spacer\">\n\t\t\t<div class=\"elementor-spacer-inner\"><\/div>\n\t\t<\/div>\n\t\t\t\t\t\t<\/div>\n\t\t\t\t<\/div>\n\t\t\t\t<div class=\"elementor-element elementor-element-e51481a sc_fly_static elementor-widget elementor-widget-text-editor\" data-id=\"e51481a\" data-element_type=\"widget\" data-e-type=\"widget\" data-widget_type=\"text-editor.default\">\n\t\t\t\t<div class=\"elementor-widget-container\">\n\t\t\t\t\t\t\t\t\t<p><span style=\"font-weight: 400;\">cher contact,<br \/><\/span><span style=\"font-weight: 400;\">Cher(e) employ\u00e9(e) de Lidl,<\/span><\/p><p><span style=\"font-weight: 400;\">L'automne dernier, j'ai constat\u00e9 que Lidl Belgium vendait de la viande de lapin provenant de lapins de parc. <\/span><b>Je voudrais demander que cette viande ne soit plus propos\u00e9e dans les succursales Lidl \u00e0 l'automne prochain.<\/b><\/p><p><span style=\"font-weight: 400;\">Mon raisonnement pour arriver \u00e0 cette ligne de questionnement est triple.\u00a0<\/span><\/p><p><span style=\"font-weight: 400;\">Tout d'abord, la recherche montre que <\/span><b>des lapins en parc<\/b><span style=\"font-weight: 400;\"> ne b\u00e9n\u00e9ficient pas d'un meilleur bien-\u00eatre que les lapins en cage. <\/span><b>Un lapin sur quatre meurt dans l'industrie belge de la viande de lapin avant d'arriver \u00e0 l'abattoir.<\/b><span style=\"font-weight: 400;\">Ce taux de mortalit\u00e9 n'a pas diminu\u00e9 depuis l'introduction des parcs. En outre, chaque animal ne dispose toujours que de l'espace tr\u00e8s limit\u00e9 d'une feuille A4 et demie, et de nombreux animaux souffrent de maladies et de blessures aux pattes \u00e0 cause des sols en plastique peu perm\u00e9ables des syst\u00e8mes de parcs.(1), (2) Si le terme lapin de parc semble prometteur, il n'est plus qu'une expression vide de sens.<\/span><\/p><p><span style=\"font-weight: 400;\">Deuxi\u00e8mement <\/span><b>les rapports d'inspection<\/b><span style=\"font-weight: 400;\"> et <\/span><b>les images<\/b><a href=\"https:\/\/ongehoord.info\/onderzoek\/konijnen-het-haasje-onderzoek-naar-diervriendelijke-parkkooien\"><b>d'infiltration<\/b><\/a><span style=\"font-weight: 400;\"> montrent que les lapins sont <\/span><b>Belgische<\/b> <b>syst\u00e9matiquement maltrait\u00e9s dans les \u00e9levages et les abattoirs belges.<\/b><span style=\"font-weight: 400;\"> Dans les fermes d'\u00e9levage, les animaux sont dans leurs propres excr\u00e9ments et sont souvent bless\u00e9s, malades ou parfois d\u00e9j\u00e0 morts. Lors du chargement des animaux pour le transport, ils sont jet\u00e9s et saisis par les oreilles, les pattes et la fourrure (une violation de la l\u00e9gislation europ\u00e9enne). Lors de l'abattage, les animaux ne sont pas suffisamment \u00e9tourdis ou restent coinc\u00e9s dans le tapis roulant. Les images montrant ces abus proviennent de l'\u00e9leveur de lapins \"le plus r\u00e9put\u00e9\" de Belgique. <\/span><a href=\"https:\/\/ongehoord.info\/onderzoek\/konijnen-het-haasje-onderzoek-naar-diervriendelijke-parkkooien\"><span style=\"font-weight: 400;\">La recherche<\/span><\/a><span style=\"font-weight: 400;\"> montre que ces images ne sont pas des exceptions, mais qu'elles sont courantes dans le secteur. Plusieurs m\u00e9dias ont fait \u00e9tat des abus susmentionn\u00e9s (<\/span><a href=\"https:\/\/www.demorgen.be\/nieuws\/geheime-beelden-tonen-hoe-met-konijnen-gegooid-wordt-in-hoogstraten-opvallend-kwekerij-geldt-als-voorloper-in-dierenwelzijn~b39e8161\/\"><span style=\"font-weight: 400;\">De Morgen<\/span><\/a><span style=\"font-weight: 400;\">, <\/span><a href=\"https:\/\/www.nieuwsblad.be\/cnt\/dmf20240127_95825539\"><span style=\"font-weight: 400;\">Het Nieuwsblad<\/span><\/a><span style=\"font-weight: 400;\">).\u00a0<\/span><\/p><p><span style=\"font-weight: 400;\">Troisi\u00e8mement, <\/span><b>la consommation de viande de lapin est en baisse depuis des ann\u00e9es.<\/b><span style=\"font-weight: 400;\">Les recherches ont montr\u00e9 que ce sont surtout les personnes de plus de 65 ans qui consomment encore du lapin. La g\u00e9n\u00e9ration actuelle et future ne semble plus consid\u00e9rer le lapin comme un aliment. (3)<\/span><\/p><p><span style=\"font-weight: 400;\">Votre entreprise a indiqu\u00e9 \u00e0 plusieurs reprises qu'elle consid\u00e9rait le bien-\u00eatre des animaux comme une question importante. Ce n'est que r\u00e9cemment que Lidl <\/span><a href=\"https:\/\/www.retaildetail.be\/nl\/news\/food\/met-prijsverlaging-wil-lidl-verkoop-plantaardig-verdubbelen\/\"><span style=\"font-weight: 400;\">a reduit<\/span><\/a><span style=\"font-weight: 400;\"> ses prix pour les produits \u00e0 base de plantes. Toutefois, son choix de lapin de parc ne peut plus \u00eatre consid\u00e9r\u00e9 comme respectueux des animaux.<\/span><\/p><p><b>Je voudrais vous demander, en tant qu'entreprise, d'opter pour le bien-\u00eatre des animaux et de ne pas proposer de lapin \u00e0 l'automne prochain.<\/b><\/p><p><span style=\"font-weight: 400;\">Je suis tr\u00e8s heureux de recevoir une r\u00e9ponse de votre part. Pour de plus amples informations concernant la viande de lapin ou l'industrie du lapin, je vous renvoie \u00e0 l'organisation de d\u00e9fense des droits des animaux Bite Back.<\/span><\/p><p><span style=\"font-weight: 400;\">Cordialement,<\/span><\/p><p><span style=\"font-weight: 400;\">(votre nom)<\/span><\/p><p>(1)\u00a0<span id=\"m_8663742325626808776gmail-docs-internal-guid-d420c223-7fff-da5d-2cb5-39cd80191632\"> &#8220;<a href=\"https:\/\/edepot.wur.nl\/301316\" target=\"_blank\" rel=\"noopener\" data-saferedirecturl=\"https:\/\/www.google.com\/url?q=https:\/\/edepot.wur.nl\/301316&amp;source=gmail&amp;ust=1721997168175000&amp;usg=AOvVaw0V6o_LBs_cWfR7NunAXznW\">Welzijn van konijnen blijft netelige zaak<\/a>.&#8221; Landbouw &amp; Techniek (2010)<br \/><\/span>(2)\u00a0<span id=\"m_8663742325626808776gmail-docs-internal-guid-fb2c03e3-7fff-191c-570d-9f0a6a6c9f4d\">\u00a0<a href=\"https:\/\/ilvo.vlaanderen.be\/nl\/nieuws\/parttime-groepshuisvesting-bij-konijnenvoedsters-kan-onder-voorwaarden-agressie-is-een-probleem-het-werk-is-niet-af\" target=\"_blank\" rel=\"noopener\" data-saferedirecturl=\"https:\/\/www.google.com\/url?q=https:\/\/ilvo.vlaanderen.be\/nl\/nieuws\/parttime-groepshuisvesting-bij-konijnenvoedsters-kan-onder-voorwaarden-agressie-is-een-probleem-het-werk-is-niet-af&amp;source=gmail&amp;ust=1721997168175000&amp;usg=AOvVaw3YyV5dphd_B0gd5ZwCxcNt\">\u201cAgressie is een probleem, het werk is niet af.<\/a>\u201d ILVO (2023)<br \/><\/span>(3)\u00a0\u00a0\u201c<a href=\"https:\/\/www.vlam.be\/public\/uploads\/files\/feiten_en_cijfers\/gevogelte_en_konijnen\/GfK_konijn_in_Belgie_2018.pdf\" target=\"_blank\" rel=\"noopener\" data-saferedirecturl=\"https:\/\/www.google.com\/url?q=https:\/\/www.vlam.be\/public\/uploads\/files\/feiten_en_cijfers\/gevogelte_en_konijnen\/GfK_konijn_in_Belgie_2018.pdf&amp;source=gmail&amp;ust=1721997168175000&amp;usg=AOvVaw2yRD9zD0yxYRLvDRlPJC7L\">Konijnenvlees kampt met dalend aantal kopers<\/a>.\u201d (VLAM, 2018<\/p>\t\t\t\t\t\t\t\t<\/div>\n\t\t\t\t<\/div>\n\t\t\t\t<div class=\"elementor-element elementor-element-cb231af sc_fly_static elementor-widget elementor-widget-spacer\" data-id=\"cb231af\" data-element_type=\"widget\" data-e-type=\"widget\" data-widget_type=\"spacer.default\">\n\t\t\t\t<div class=\"elementor-widget-container\">\n\t\t\t\t\t\t\t<div class=\"elementor-spacer\">\n\t\t\t<div class=\"elementor-spacer-inner\"><\/div>\n\t\t<\/div>\n\t\t\t\t\t\t<\/div>\n\t\t\t\t<\/div>\n\t\t\t\t<div class=\"elementor-element elementor-element-6090d85 sc_fly_static elementor-widget elementor-widget-image\" data-id=\"6090d85\" data-element_type=\"widget\" data-e-type=\"widget\" data-widget_type=\"image.default\">\n\t\t\t\t<div class=\"elementor-widget-container\">\n\t\t\t\t\t\t\t\t\t\t\t\t\t\t\t<img fetchpriority=\"high\" decoding=\"async\" width=\"1024\" height=\"1024\" src=\"https:\/\/i0.wp.com\/biteback.be\/wp-content\/uploads\/2024\/07\/Lidl_Post-1.png?fit=1024%2C1024&amp;ssl=1\" class=\"attachment-large size-large wp-image-82107\" alt=\"\" srcset=\"https:\/\/i0.wp.com\/biteback.be\/wp-content\/uploads\/2024\/07\/Lidl_Post-1.png?w=3600&amp;ssl=1 3600w, https:\/\/i0.wp.com\/biteback.be\/wp-content\/uploads\/2024\/07\/Lidl_Post-1.png?resize=300%2C300&amp;ssl=1 300w, https:\/\/i0.wp.com\/biteback.be\/wp-content\/uploads\/2024\/07\/Lidl_Post-1.png?resize=1024%2C1024&amp;ssl=1 1024w, https:\/\/i0.wp.com\/biteback.be\/wp-content\/uploads\/2024\/07\/Lidl_Post-1.png?resize=150%2C150&amp;ssl=1 150w, https:\/\/i0.wp.com\/biteback.be\/wp-content\/uploads\/2024\/07\/Lidl_Post-1.png?resize=768%2C768&amp;ssl=1 768w, https:\/\/i0.wp.com\/biteback.be\/wp-content\/uploads\/2024\/07\/Lidl_Post-1.png?resize=1536%2C1536&amp;ssl=1 1536w, https:\/\/i0.wp.com\/biteback.be\/wp-content\/uploads\/2024\/07\/Lidl_Post-1.png?resize=2048%2C2048&amp;ssl=1 2048w, https:\/\/i0.wp.com\/biteback.be\/wp-content\/uploads\/2024\/07\/Lidl_Post-1.png?resize=370%2C370&amp;ssl=1 370w, https:\/\/i0.wp.com\/biteback.be\/wp-content\/uploads\/2024\/07\/Lidl_Post-1.png?resize=90%2C90&amp;ssl=1 90w, https:\/\/i0.wp.com\/biteback.be\/wp-content\/uploads\/2024\/07\/Lidl_Post-1.png?resize=770%2C770&amp;ssl=1 770w, https:\/\/i0.wp.com\/biteback.be\/wp-content\/uploads\/2024\/07\/Lidl_Post-1.png?resize=1170%2C1170&amp;ssl=1 1170w, https:\/\/i0.wp.com\/biteback.be\/wp-content\/uploads\/2024\/07\/Lidl_Post-1.png?w=2340&amp;ssl=1 2340w, https:\/\/i0.wp.com\/biteback.be\/wp-content\/uploads\/2024\/07\/Lidl_Post-1.png?w=3510&amp;ssl=1 3510w\" sizes=\"(max-width: 1024px) 100vw, 1024px\" \/>\t\t\t\t\t\t\t\t\t\t\t\t\t\t\t<\/div>\n\t\t\t\t<\/div>\n\t\t\t\t<div class=\"elementor-element elementor-element-7e6dc40 sc_fly_static elementor-widget elementor-widget-spacer\" data-id=\"7e6dc40\" data-element_type=\"widget\" data-e-type=\"widget\" data-widget_type=\"spacer.default\">\n\t\t\t\t<div class=\"elementor-widget-container\">\n\t\t\t\t\t\t\t<div class=\"elementor-spacer\">\n\t\t\t<div class=\"elementor-spacer-inner\"><\/div>\n\t\t<\/div>\n\t\t\t\t\t\t<\/div>\n\t\t\t\t<\/div>\n\t\t\t\t<div class=\"elementor-element elementor-element-d5b5280 elementor-widget-divider--view-line sc_fly_static elementor-widget elementor-widget-divider\" data-id=\"d5b5280\" data-element_type=\"widget\" data-e-type=\"widget\" data-widget_type=\"divider.default\">\n\t\t\t\t<div class=\"elementor-widget-container\">\n\t\t\t\t\t\t\t<div class=\"elementor-divider\">\n\t\t\t<span class=\"elementor-divider-separator\">\n\t\t\t\t\t\t<\/span>\n\t\t<\/div>\n\t\t\t\t\t\t<\/div>\n\t\t\t\t<\/div>\n\t\t\t\t\t<\/div>\n\t\t<\/div>\n\t\t\t\t\t<\/div>\n\t\t<\/section>\n\t\t\t\t<\/div>","protected":false},"excerpt":{"rendered":"<p>Envoyez un courriel \u00e0 Lidl pour lui demander de ne pas vendre de viande de lapin \u00e0 l'automne prochain!<\/p>","protected":false},"author":4,"featured_media":82105,"comment_status":"closed","ping_status":"closed","sticky":false,"template":"","format":"standard","meta":{"_jetpack_memberships_contains_paid_content":false,"footnotes":""},"categories":[91,1,52],"tags":[94,106,213],"class_list":["post-82104","post","type-post","status-publish","format-standard","has-post-thumbnail","hentry","category-actieverslagen","category-alle-nieuwsberichten","category-dolfijnen-vrij","tag-konijnen","tag-konijnenhouderij","tag-lidl"],"yoast_head":"<!-- This site is optimized with the Yoast SEO plugin v27.4 - https:\/\/yoast.com\/product\/yoast-seo-wordpress\/ -->\n<title>E-mailactie Lidl | Stop konijnenvlees, stop konijnenleed - Bite Back<\/title>\n<meta name=\"robots\" content=\"index, follow, max-snippet:-1, max-image-preview:large, max-video-preview:-1\" \/>\n<link rel=\"canonical\" href=\"https:\/\/biteback.be\/fr\/e-mailactie-lidl-stop-konijnenvlees-stop-konijnenleed\/\" \/>\n<meta property=\"og:locale\" content=\"fr_FR\" \/>\n<meta property=\"og:type\" content=\"article\" \/>\n<meta property=\"og:title\" content=\"E-mailactie Lidl | Stop konijnenvlees, stop konijnenleed - Bite Back\" \/>\n<meta property=\"og:description\" content=\"Stuur een mail naar Lidl en vraag hen komend najaar geen konijnenvlees meer te verkopen!\" \/>\n<meta property=\"og:url\" content=\"https:\/\/biteback.be\/fr\/e-mailactie-lidl-stop-konijnenvlees-stop-konijnenleed\/\" \/>\n<meta property=\"og:site_name\" content=\"Bite Back\" \/>\n<meta property=\"article:published_time\" content=\"2024-07-25T12:22:36+00:00\" \/>\n<meta property=\"article:modified_time\" content=\"2025-02-11T16:39:17+00:00\" \/>\n<meta property=\"og:image\" content=\"https:\/\/biteback.be\/wp-content\/uploads\/2024\/07\/52727316387_b9a1c53a1f_k-1024x683.png\" \/>\n\t<meta property=\"og:image:width\" content=\"1024\" \/>\n\t<meta property=\"og:image:height\" content=\"683\" \/>\n\t<meta property=\"og:image:type\" content=\"image\/png\" \/>\n<meta name=\"author\" content=\"Anthe Lain\u00e9\" \/>\n<meta name=\"twitter:card\" content=\"summary_large_image\" \/>\n<meta name=\"twitter:label1\" content=\"\u00c9crit par\" \/>\n\t<meta name=\"twitter:data1\" content=\"Anthe Lain\u00e9\" \/>\n\t<meta name=\"twitter:label2\" content=\"Dur\u00e9e de lecture est.\" \/>\n\t<meta name=\"twitter:data2\" content=\"4 minutes\" \/>\n<script type=\"application\/ld+json\" class=\"yoast-schema-graph\">{\"@context\":\"https:\\\/\\\/schema.org\",\"@graph\":[{\"@type\":\"Article\",\"@id\":\"https:\\\/\\\/biteback.be\\\/e-mailactie-lidl-stop-konijnenvlees-stop-konijnenleed\\\/#article\",\"isPartOf\":{\"@id\":\"https:\\\/\\\/biteback.be\\\/e-mailactie-lidl-stop-konijnenvlees-stop-konijnenleed\\\/\"},\"author\":{\"name\":\"Anthe Lain\u00e9\",\"@id\":\"https:\\\/\\\/biteback.be\\\/#\\\/schema\\\/person\\\/3732d0b3d52888bc1f2faad7aeec39fd\"},\"headline\":\"E-mailactie Lidl | Stop konijnenvlees, stop konijnenleed\",\"datePublished\":\"2024-07-25T12:22:36+00:00\",\"dateModified\":\"2025-02-11T16:39:17+00:00\",\"mainEntityOfPage\":{\"@id\":\"https:\\\/\\\/biteback.be\\\/e-mailactie-lidl-stop-konijnenvlees-stop-konijnenleed\\\/\"},\"wordCount\":642,\"publisher\":{\"@id\":\"https:\\\/\\\/biteback.be\\\/#organization\"},\"image\":{\"@id\":\"https:\\\/\\\/biteback.be\\\/e-mailactie-lidl-stop-konijnenvlees-stop-konijnenleed\\\/#primaryimage\"},\"thumbnailUrl\":\"https:\\\/\\\/i0.wp.com\\\/biteback.be\\\/wp-content\\\/uploads\\\/2024\\\/07\\\/52727316387_b9a1c53a1f_k.png?fit=2048%2C1365&ssl=1\",\"keywords\":[\"konijnen\",\"Konijnenhouderij\",\"lidl\"],\"articleSection\":[\"Actieverslagen\",\"Alle berichten\",\"Dolfijnen Vrij\"],\"inLanguage\":\"fr-BE\"},{\"@type\":\"WebPage\",\"@id\":\"https:\\\/\\\/biteback.be\\\/e-mailactie-lidl-stop-konijnenvlees-stop-konijnenleed\\\/\",\"url\":\"https:\\\/\\\/biteback.be\\\/e-mailactie-lidl-stop-konijnenvlees-stop-konijnenleed\\\/\",\"name\":\"E-mailactie Lidl | Stop konijnenvlees, stop konijnenleed - Bite Back\",\"isPartOf\":{\"@id\":\"https:\\\/\\\/biteback.be\\\/#website\"},\"primaryImageOfPage\":{\"@id\":\"https:\\\/\\\/biteback.be\\\/e-mailactie-lidl-stop-konijnenvlees-stop-konijnenleed\\\/#primaryimage\"},\"image\":{\"@id\":\"https:\\\/\\\/biteback.be\\\/e-mailactie-lidl-stop-konijnenvlees-stop-konijnenleed\\\/#primaryimage\"},\"thumbnailUrl\":\"https:\\\/\\\/i0.wp.com\\\/biteback.be\\\/wp-content\\\/uploads\\\/2024\\\/07\\\/52727316387_b9a1c53a1f_k.png?fit=2048%2C1365&ssl=1\",\"datePublished\":\"2024-07-25T12:22:36+00:00\",\"dateModified\":\"2025-02-11T16:39:17+00:00\",\"breadcrumb\":{\"@id\":\"https:\\\/\\\/biteback.be\\\/e-mailactie-lidl-stop-konijnenvlees-stop-konijnenleed\\\/#breadcrumb\"},\"inLanguage\":\"fr-BE\",\"potentialAction\":[{\"@type\":\"ReadAction\",\"target\":[\"https:\\\/\\\/biteback.be\\\/e-mailactie-lidl-stop-konijnenvlees-stop-konijnenleed\\\/\"]}]},{\"@type\":\"ImageObject\",\"inLanguage\":\"fr-BE\",\"@id\":\"https:\\\/\\\/biteback.be\\\/e-mailactie-lidl-stop-konijnenvlees-stop-konijnenleed\\\/#primaryimage\",\"url\":\"https:\\\/\\\/i0.wp.com\\\/biteback.be\\\/wp-content\\\/uploads\\\/2024\\\/07\\\/52727316387_b9a1c53a1f_k.png?fit=2048%2C1365&ssl=1\",\"contentUrl\":\"https:\\\/\\\/i0.wp.com\\\/biteback.be\\\/wp-content\\\/uploads\\\/2024\\\/07\\\/52727316387_b9a1c53a1f_k.png?fit=2048%2C1365&ssl=1\",\"width\":2048,\"height\":1365},{\"@type\":\"BreadcrumbList\",\"@id\":\"https:\\\/\\\/biteback.be\\\/e-mailactie-lidl-stop-konijnenvlees-stop-konijnenleed\\\/#breadcrumb\",\"itemListElement\":[{\"@type\":\"ListItem\",\"position\":1,\"name\":\"Home\",\"item\":\"https:\\\/\\\/biteback.be\\\/\"},{\"@type\":\"ListItem\",\"position\":2,\"name\":\"E-mailactie Lidl | Stop konijnenvlees, stop konijnenleed\"}]},{\"@type\":\"WebSite\",\"@id\":\"https:\\\/\\\/biteback.be\\\/#website\",\"url\":\"https:\\\/\\\/biteback.be\\\/\",\"name\":\"Bite Back\",\"description\":\"Bite Back - Dierenrechtenorganisatie\",\"publisher\":{\"@id\":\"https:\\\/\\\/biteback.be\\\/#organization\"},\"potentialAction\":[{\"@type\":\"SearchAction\",\"target\":{\"@type\":\"EntryPoint\",\"urlTemplate\":\"https:\\\/\\\/biteback.be\\\/?s={search_term_string}\"},\"query-input\":{\"@type\":\"PropertyValueSpecification\",\"valueRequired\":true,\"valueName\":\"search_term_string\"}}],\"inLanguage\":\"fr-BE\"},{\"@type\":\"Organization\",\"@id\":\"https:\\\/\\\/biteback.be\\\/#organization\",\"name\":\"Bite Back\",\"url\":\"https:\\\/\\\/biteback.be\\\/\",\"logo\":{\"@type\":\"ImageObject\",\"inLanguage\":\"fr-BE\",\"@id\":\"https:\\\/\\\/biteback.be\\\/#\\\/schema\\\/logo\\\/image\\\/\",\"url\":\"https:\\\/\\\/i0.wp.com\\\/biteback.be\\\/wp-content\\\/uploads\\\/2023\\\/09\\\/bite-back-logo-1.jpg?fit=212%2C80&ssl=1\",\"contentUrl\":\"https:\\\/\\\/i0.wp.com\\\/biteback.be\\\/wp-content\\\/uploads\\\/2023\\\/09\\\/bite-back-logo-1.jpg?fit=212%2C80&ssl=1\",\"width\":212,\"height\":80,\"caption\":\"Bite Back\"},\"image\":{\"@id\":\"https:\\\/\\\/biteback.be\\\/#\\\/schema\\\/logo\\\/image\\\/\"}},{\"@type\":\"Person\",\"@id\":\"https:\\\/\\\/biteback.be\\\/#\\\/schema\\\/person\\\/3732d0b3d52888bc1f2faad7aeec39fd\",\"name\":\"Anthe Lain\u00e9\",\"url\":\"https:\\\/\\\/biteback.be\\\/fr\\\/author\\\/anthe\\\/\"}]}<\/script>\n<!-- \/ Yoast SEO plugin. -->","yoast_head_json":{"title":"E-mailactie Lidl | Stop konijnenvlees, stop konijnenleed - Bite Back","robots":{"index":"index","follow":"follow","max-snippet":"max-snippet:-1","max-image-preview":"max-image-preview:large","max-video-preview":"max-video-preview:-1"},"canonical":"https:\/\/biteback.be\/fr\/e-mailactie-lidl-stop-konijnenvlees-stop-konijnenleed\/","og_locale":"fr_FR","og_type":"article","og_title":"E-mailactie Lidl | Stop konijnenvlees, stop konijnenleed - Bite Back","og_description":"Stuur een mail naar Lidl en vraag hen komend najaar geen konijnenvlees meer te verkopen!","og_url":"https:\/\/biteback.be\/fr\/e-mailactie-lidl-stop-konijnenvlees-stop-konijnenleed\/","og_site_name":"Bite Back","article_published_time":"2024-07-25T12:22:36+00:00","article_modified_time":"2025-02-11T16:39:17+00:00","og_image":[{"width":1024,"height":683,"url":"https:\/\/biteback.be\/wp-content\/uploads\/2024\/07\/52727316387_b9a1c53a1f_k-1024x683.png","type":"image\/png"}],"author":"Anthe Lain\u00e9","twitter_card":"summary_large_image","twitter_misc":{"\u00c9crit par":"Anthe Lain\u00e9","Dur\u00e9e de lecture est.":"4 minutes"},"schema":{"@context":"https:\/\/schema.org","@graph":[{"@type":"Article","@id":"https:\/\/biteback.be\/e-mailactie-lidl-stop-konijnenvlees-stop-konijnenleed\/#article","isPartOf":{"@id":"https:\/\/biteback.be\/e-mailactie-lidl-stop-konijnenvlees-stop-konijnenleed\/"},"author":{"name":"Anthe Lain\u00e9","@id":"https:\/\/biteback.be\/#\/schema\/person\/3732d0b3d52888bc1f2faad7aeec39fd"},"headline":"E-mailactie Lidl | Stop konijnenvlees, stop konijnenleed","datePublished":"2024-07-25T12:22:36+00:00","dateModified":"2025-02-11T16:39:17+00:00","mainEntityOfPage":{"@id":"https:\/\/biteback.be\/e-mailactie-lidl-stop-konijnenvlees-stop-konijnenleed\/"},"wordCount":642,"publisher":{"@id":"https:\/\/biteback.be\/#organization"},"image":{"@id":"https:\/\/biteback.be\/e-mailactie-lidl-stop-konijnenvlees-stop-konijnenleed\/#primaryimage"},"thumbnailUrl":"https:\/\/i0.wp.com\/biteback.be\/wp-content\/uploads\/2024\/07\/52727316387_b9a1c53a1f_k.png?fit=2048%2C1365&ssl=1","keywords":["konijnen","Konijnenhouderij","lidl"],"articleSection":["Actieverslagen","Alle berichten","Dolfijnen Vrij"],"inLanguage":"fr-BE"},{"@type":"WebPage","@id":"https:\/\/biteback.be\/e-mailactie-lidl-stop-konijnenvlees-stop-konijnenleed\/","url":"https:\/\/biteback.be\/e-mailactie-lidl-stop-konijnenvlees-stop-konijnenleed\/","name":"E-mailactie Lidl | Stop konijnenvlees, stop konijnenleed - Bite Back","isPartOf":{"@id":"https:\/\/biteback.be\/#website"},"primaryImageOfPage":{"@id":"https:\/\/biteback.be\/e-mailactie-lidl-stop-konijnenvlees-stop-konijnenleed\/#primaryimage"},"image":{"@id":"https:\/\/biteback.be\/e-mailactie-lidl-stop-konijnenvlees-stop-konijnenleed\/#primaryimage"},"thumbnailUrl":"https:\/\/i0.wp.com\/biteback.be\/wp-content\/uploads\/2024\/07\/52727316387_b9a1c53a1f_k.png?fit=2048%2C1365&ssl=1","datePublished":"2024-07-25T12:22:36+00:00","dateModified":"2025-02-11T16:39:17+00:00","breadcrumb":{"@id":"https:\/\/biteback.be\/e-mailactie-lidl-stop-konijnenvlees-stop-konijnenleed\/#breadcrumb"},"inLanguage":"fr-BE","potentialAction":[{"@type":"ReadAction","target":["https:\/\/biteback.be\/e-mailactie-lidl-stop-konijnenvlees-stop-konijnenleed\/"]}]},{"@type":"ImageObject","inLanguage":"fr-BE","@id":"https:\/\/biteback.be\/e-mailactie-lidl-stop-konijnenvlees-stop-konijnenleed\/#primaryimage","url":"https:\/\/i0.wp.com\/biteback.be\/wp-content\/uploads\/2024\/07\/52727316387_b9a1c53a1f_k.png?fit=2048%2C1365&ssl=1","contentUrl":"https:\/\/i0.wp.com\/biteback.be\/wp-content\/uploads\/2024\/07\/52727316387_b9a1c53a1f_k.png?fit=2048%2C1365&ssl=1","width":2048,"height":1365},{"@type":"BreadcrumbList","@id":"https:\/\/biteback.be\/e-mailactie-lidl-stop-konijnenvlees-stop-konijnenleed\/#breadcrumb","itemListElement":[{"@type":"ListItem","position":1,"name":"Home","item":"https:\/\/biteback.be\/"},{"@type":"ListItem","position":2,"name":"E-mailactie Lidl | Stop konijnenvlees, stop konijnenleed"}]},{"@type":"WebSite","@id":"https:\/\/biteback.be\/#website","url":"https:\/\/biteback.be\/","name":"Bite Back","description":"Bite Back - Dierenrechtenorganisatie","publisher":{"@id":"https:\/\/biteback.be\/#organization"},"potentialAction":[{"@type":"SearchAction","target":{"@type":"EntryPoint","urlTemplate":"https:\/\/biteback.be\/?s={search_term_string}"},"query-input":{"@type":"PropertyValueSpecification","valueRequired":true,"valueName":"search_term_string"}}],"inLanguage":"fr-BE"},{"@type":"Organization","@id":"https:\/\/biteback.be\/#organization","name":"Bite Back","url":"https:\/\/biteback.be\/","logo":{"@type":"ImageObject","inLanguage":"fr-BE","@id":"https:\/\/biteback.be\/#\/schema\/logo\/image\/","url":"https:\/\/i0.wp.com\/biteback.be\/wp-content\/uploads\/2023\/09\/bite-back-logo-1.jpg?fit=212%2C80&ssl=1","contentUrl":"https:\/\/i0.wp.com\/biteback.be\/wp-content\/uploads\/2023\/09\/bite-back-logo-1.jpg?fit=212%2C80&ssl=1","width":212,"height":80,"caption":"Bite Back"},"image":{"@id":"https:\/\/biteback.be\/#\/schema\/logo\/image\/"}},{"@type":"Person","@id":"https:\/\/biteback.be\/#\/schema\/person\/3732d0b3d52888bc1f2faad7aeec39fd","name":"Anthe Lain\u00e9","url":"https:\/\/biteback.be\/fr\/author\/anthe\/"}]}},"jetpack_featured_media_url":"https:\/\/i0.wp.com\/biteback.be\/wp-content\/uploads\/2024\/07\/52727316387_b9a1c53a1f_k.png?fit=2048%2C1365&ssl=1","jetpack_sharing_enabled":true,"jetpack-related-posts":[],"jetpack_shortlink":"https:\/\/wp.me\/pf4e0W-lmg","_links":{"self":[{"href":"https:\/\/biteback.be\/fr\/wp-json\/wp\/v2\/posts\/82104","targetHints":{"allow":["GET"]}}],"collection":[{"href":"https:\/\/biteback.be\/fr\/wp-json\/wp\/v2\/posts"}],"about":[{"href":"https:\/\/biteback.be\/fr\/wp-json\/wp\/v2\/types\/post"}],"author":[{"embeddable":true,"href":"https:\/\/biteback.be\/fr\/wp-json\/wp\/v2\/users\/4"}],"replies":[{"embeddable":true,"href":"https:\/\/biteback.be\/fr\/wp-json\/wp\/v2\/comments?post=82104"}],"version-history":[{"count":10,"href":"https:\/\/biteback.be\/fr\/wp-json\/wp\/v2\/posts\/82104\/revisions"}],"predecessor-version":[{"id":82203,"href":"https:\/\/biteback.be\/fr\/wp-json\/wp\/v2\/posts\/82104\/revisions\/82203"}],"wp:featuredmedia":[{"embeddable":true,"href":"https:\/\/biteback.be\/fr\/wp-json\/wp\/v2\/media\/82105"}],"wp:attachment":[{"href":"https:\/\/biteback.be\/fr\/wp-json\/wp\/v2\/media?parent=82104"}],"wp:term":[{"taxonomy":"category","embeddable":true,"href":"https:\/\/biteback.be\/fr\/wp-json\/wp\/v2\/categories?post=82104"},{"taxonomy":"post_tag","embeddable":true,"href":"https:\/\/biteback.be\/fr\/wp-json\/wp\/v2\/tags?post=82104"}],"curies":[{"name":"wp","href":"https:\/\/api.w.org\/{rel}","templated":true}]}}