{"id":81524,"date":"2024-06-13T15:52:23","date_gmt":"2024-06-13T14:52:23","guid":{"rendered":"https:\/\/biteback.be\/?p=81524"},"modified":"2024-06-16T08:22:16","modified_gmt":"2024-06-16T07:22:16","slug":"dierenrechtenorganisatie-bite-back-trekt-met-protestmars-tegen-de-vee-industrie-door-brussel","status":"publish","type":"post","link":"https:\/\/biteback.be\/fr\/dierenrechtenorganisatie-bite-back-trekt-met-protestmars-tegen-de-vee-industrie-door-brussel\/","title":{"rendered":"L'organisation de d\u00e9fense des animaux Bite Back d\u00e9file \u00e0 Bruxelles pour protester contre l'industrie bovine"},"content":{"rendered":"<div data-elementor-type=\"wp-post\" data-elementor-id=\"81524\" class=\"elementor elementor-81524\">\n\t\t\t\t\t\t<section class=\"elementor-section elementor-top-section elementor-element elementor-element-3f92c58 elementor-section-boxed elementor-section-height-default elementor-section-height-default\" data-id=\"3f92c58\" data-element_type=\"section\" data-e-type=\"section\">\n\t\t\t\t\t\t<div class=\"elementor-container elementor-column-gap-extended\">\n\t\t\t\t\t<div class=\"elementor-column elementor-col-100 elementor-top-column elementor-element elementor-element-9997079 sc_inner_width_none sc_content_align_inherit sc_layouts_column_icons_position_left\" data-id=\"9997079\" data-element_type=\"column\" data-e-type=\"column\">\n\t\t\t<div class=\"elementor-widget-wrap elementor-element-populated\">\n\t\t\t\t\t\t<div class=\"elementor-element elementor-element-a8f02c0 sc_fly_static elementor-widget elementor-widget-text-editor\" data-id=\"a8f02c0\" data-element_type=\"widget\" data-e-type=\"widget\" data-widget_type=\"text-editor.default\">\n\t\t\t\t<div class=\"elementor-widget-container\">\n\t\t\t\t\t\t\t\t\t<h4><span style=\"font-weight: 400;\">L'organisation de d\u00e9fense des animaux Bite Back d\u00e9file \u00e0 Bruxelles pour protester contre l'industrie de l'\u00e9levage : \"Les animaux sont dans la Constitution et ont obtenu un nouveau Codex, mais dans la pratique, rien ne change dans le syst\u00e8me\".<\/span><\/h4><p><em><b>L'organisation de d\u00e9fense des animaux Bite Back se r\u00e9unira au carrefour de l'Europe \u00e0 Bruxelles dimanche prochain pour une marche de protestation \u00e0 travers le centre-ville. Les activistes sont en d\u00e9saccord avec la fa\u00e7on dont les animaux sont \u00e9lev\u00e9s, gard\u00e9s et tu\u00e9s dans l'industrie de l'\u00e9levage intensif. L'organisation d\u00e9nonce les nombreux abus commis dans ce secteur et demande au gouvernement de cesser de subventionner la production animale. Chaque jour, pr\u00e8s d'un million d'animaux sont tu\u00e9s dans l'industrie belge de l'\u00e9levage.\u00a0<\/b><\/em><\/p><p><span style=\"color: #ff0000;\"><b>Le bien-\u00eatre animal du Codex et les animaux dans la constitution: une faiblesse politique<\/b><\/span><\/p><p><span style=\"font-weight: 400;\">2024 semble jusqu'\u00e0 pr\u00e9sent \u00eatre une ann\u00e9e fructueuse pour le bien-\u00eatre animal en Belgique. Un codex sur le bien-\u00eatre animal a vu le jour en Flandre et les animaux ont \u00e9t\u00e9 inscrits dans la constitution. Sur le plan politique, les choses bougent donc pour les animaux. N\u00e9anmoins, selon l'organisation de d\u00e9fense des droits des animaux Bite Back, les animaux ne remarqueront pas grand-chose dans la pratique. <\/span><i><span style=\"font-weight: 400;\">\"Il est important de descendre dans la rue et de montrer qu'il faut plus de changement que de mauvaises annonces politiques. Par exemple, la Flandre n'a pas r\u00e9ussi \u00e0 fermer le dernier delphinarium\"<\/span><\/i><span style=\"font-weight: 400;\"> , d\u00e9clare Tom Merlevede, coordinateur chez Bite Back.\u00a0<\/span><\/p><p><span style=\"color: #ff0000;\"><b>La souffrance animale est inh\u00e9rente \u00e0 l'industrie de l'\u00e9levage<\/b><\/span><\/p><p><span style=\"font-weight: 400;\">Les animaux qui composent l'industrie de l'\u00e9levage intensif sont ceux qui souffrent le plus, estime l'organisation. Par exemple, ils se plaignent que dans l'\u00e9levage actuel, la queue de la quasi-totalit\u00e9 des porcs est encore coup\u00e9e syst\u00e9matiquement, alors que la r\u00e9glementation europ\u00e9enne l'interdit \u00bb.<\/span><i><span style=\"font-weight: 400;\">Il est admis que 15% des porcelets n\u00e9s vivants n'atteignent pas l'\u00e2ge du sevrage et que 30 % des bovins laitiers souffrent de boiteries mod\u00e9r\u00e9es ou graves. Chez les poulets de chair, 47 % sont clairement atteints de boiterie et les poules pondeuses ne sont gu\u00e8re mieux loties: 82 % souffrent d'une fracture du sternum au cours de leur courte vie. Il est clair que quelque chose ne va pas dans l'ensemble du syst\u00e8me. Par exemple, il est \u00e9galement normal que 550 000 porcs, 111 000 bovins, 35 000 moutons et pas moins de 2 millions de poulets meurent chaque ann\u00e9e dans ce secteur, avant m\u00eame d'arriver \u00e0 l'abattoir \u00bb.<\/span><\/i><\/p><p><span style=\"color: #ff0000;\"><b>Arr\u00eat des subventions<\/b><\/span><\/p><p><span style=\"font-weight: 400;\">Une \u00e9pine dans le pied de l'organisation de d\u00e9fense des animaux est le flux de millions de subventions accord\u00e9es \u00e0 l'industrie de l'\u00e9levage, tant au niveau europ\u00e9en qu'au niveau flamand. Merlevede pr\u00e9cise: \"<\/span><i><span style=\"font-weight: 400;\">Plus de 40 millions d'euros de l'argent des contribuables sont d\u00e9pens\u00e9s pour une industrie qui fait plus de mal que de bien, pour les animaux, mais aussi pour le climat et notre nature.<\/span><\/i><i><span style=\"font-weight: 400;\"> Des millions qu'il vaudrait mieux consacrer \u00e0 des produits v\u00e9g\u00e9taux et sains qui ne causent pas de souffrances aux animaux\".<\/span><\/i><\/p><p><span style=\"font-weight: 400;\">Bite Back appelle les gouvernements \u00e0 mettre fin \u00e0 ces subventions et \u00e0 promouvoir des alternatives \u00e0 base de plantes.\"<\/span><i><span style=\"font-weight: 400;\">Ces produits ne sont pas seulement meilleurs pour les animaux, ils sont aussi moins nocifs pour l'homme et l'environnement<\/span><\/i><span style=\"font-weight: 400;\">\". Bite Back parle d'une situation gagnant-gagnant-gagnant sur laquelle le gouvernement devrait miser.\u00a0<\/span><\/p><p><i><span style=\"font-weight: 400;\">\"En tant que soci\u00e9t\u00e9, nous devons nous efforcer de cr\u00e9er une soci\u00e9t\u00e9 juste. Le traitement des animaux dans l'industrie actuelle de l'\u00e9levage n'est pas justifiable d'un point de vue \u00e9thique et doit cesser. L\u00e0 o\u00f9 la politique reste sur le terrain, nous continuons \u00e0 nous battre pour un monde o\u00f9 les hommes et les animaux ne sont effectivement plus exploit\u00e9s \u00bb, conclut Merlevede.<\/span><\/i><\/p>\t\t\t\t\t\t\t\t<\/div>\n\t\t\t\t<\/div>\n\t\t\t\t\t<\/div>\n\t\t<\/div>\n\t\t\t\t\t<\/div>\n\t\t<\/section>\n\t\t\t\t<\/div>","protected":false},"excerpt":{"rendered":"<p>L'organisation de d\u00e9fense des animaux Bite Back d\u00e9file \u00e0 Bruxelles pour protester contre l'industrie de l'\u00e9levage:\"Les animaux sont dans la Constitution et ont obtenu un nouveau Codex, mais dans la pratique, rien ne change dans le syst\u00e8me\"<\/p>","protected":false},"author":10,"featured_media":81529,"comment_status":"closed","ping_status":"closed","sticky":false,"template":"","format":"standard","meta":{"_jetpack_memberships_contains_paid_content":false,"footnotes":""},"categories":[1],"tags":[123,78,80,108],"class_list":["post-81524","post","type-post","status-publish","format-standard","has-post-thumbnail","hentry","category-alle-nieuwsberichten","tag-brussel","tag-mars","tag-stop-de-dierindustrie","tag-wantoestanden"],"yoast_head":"<!-- This site is optimized with the Yoast SEO plugin v27.5 - https:\/\/yoast.com\/product\/yoast-seo-wordpress\/ -->\n<title>Dierenrechtenorganisatie Bite Back trekt met protestmars tegen de vee-industrie door Brussel - Bite Back<\/title>\n<meta name=\"robots\" content=\"index, follow, max-snippet:-1, max-image-preview:large, max-video-preview:-1\" \/>\n<link rel=\"canonical\" href=\"https:\/\/biteback.be\/fr\/dierenrechtenorganisatie-bite-back-trekt-met-protestmars-tegen-de-vee-industrie-door-brussel\/\" \/>\n<meta property=\"og:locale\" content=\"fr_FR\" \/>\n<meta property=\"og:type\" content=\"article\" \/>\n<meta property=\"og:title\" content=\"Dierenrechtenorganisatie Bite Back trekt met protestmars tegen de vee-industrie door Brussel - Bite Back\" \/>\n<meta property=\"og:description\" content=\"Dierenrechtenorganisatie Bite Back trekt met protestmars tegen de vee-industrie door Brussel: \u201cDieren staan in de Grondwet en kregen een nieuwe Codex, maar in de praktijk verandert er niets aan het systeem.\u201d Dierenrechtenorganisatie Bite&hellip;\" \/>\n<meta property=\"og:url\" content=\"https:\/\/biteback.be\/fr\/dierenrechtenorganisatie-bite-back-trekt-met-protestmars-tegen-de-vee-industrie-door-brussel\/\" \/>\n<meta property=\"og:site_name\" content=\"Bite Back\" \/>\n<meta property=\"article:published_time\" content=\"2024-06-13T14:52:23+00:00\" \/>\n<meta property=\"article:modified_time\" content=\"2024-06-16T07:22:16+00:00\" \/>\n<meta property=\"og:image\" content=\"https:\/\/biteback.be\/wp-content\/uploads\/2024\/06\/MG_2675.jpg\" \/>\n\t<meta property=\"og:image:width\" content=\"1990\" \/>\n\t<meta property=\"og:image:height\" content=\"864\" \/>\n\t<meta property=\"og:image:type\" content=\"image\/jpeg\" \/>\n<meta name=\"author\" content=\"Tom Merlevede\" \/>\n<meta name=\"twitter:card\" content=\"summary_large_image\" \/>\n<meta name=\"twitter:label1\" content=\"\u00c9crit par\" \/>\n\t<meta name=\"twitter:data1\" content=\"Tom Merlevede\" \/>\n\t<meta name=\"twitter:label2\" content=\"Dur\u00e9e de lecture est.\" \/>\n\t<meta name=\"twitter:data2\" content=\"3 minutes\" \/>\n<script type=\"application\/ld+json\" class=\"yoast-schema-graph\">{\"@context\":\"https:\\\/\\\/schema.org\",\"@graph\":[{\"@type\":\"Article\",\"@id\":\"https:\\\/\\\/biteback.be\\\/dierenrechtenorganisatie-bite-back-trekt-met-protestmars-tegen-de-vee-industrie-door-brussel\\\/#article\",\"isPartOf\":{\"@id\":\"https:\\\/\\\/biteback.be\\\/dierenrechtenorganisatie-bite-back-trekt-met-protestmars-tegen-de-vee-industrie-door-brussel\\\/\"},\"author\":{\"name\":\"Tom Merlevede\",\"@id\":\"https:\\\/\\\/biteback.be\\\/#\\\/schema\\\/person\\\/cbab2087fb0df8db0ae15a47c01df6f1\"},\"headline\":\"Dierenrechtenorganisatie Bite Back trekt met protestmars tegen de vee-industrie door Brussel\",\"datePublished\":\"2024-06-13T14:52:23+00:00\",\"dateModified\":\"2024-06-16T07:22:16+00:00\",\"mainEntityOfPage\":{\"@id\":\"https:\\\/\\\/biteback.be\\\/dierenrechtenorganisatie-bite-back-trekt-met-protestmars-tegen-de-vee-industrie-door-brussel\\\/\"},\"wordCount\":565,\"publisher\":{\"@id\":\"https:\\\/\\\/biteback.be\\\/#organization\"},\"image\":{\"@id\":\"https:\\\/\\\/biteback.be\\\/dierenrechtenorganisatie-bite-back-trekt-met-protestmars-tegen-de-vee-industrie-door-brussel\\\/#primaryimage\"},\"thumbnailUrl\":\"https:\\\/\\\/i0.wp.com\\\/biteback.be\\\/wp-content\\\/uploads\\\/2024\\\/06\\\/MG_2675.jpg?fit=1990%2C864&ssl=1\",\"keywords\":[\"brussel\",\"mars\",\"stop de dierindustrie\",\"Wantoestanden\"],\"articleSection\":[\"Alle berichten\"],\"inLanguage\":\"fr-BE\"},{\"@type\":\"WebPage\",\"@id\":\"https:\\\/\\\/biteback.be\\\/dierenrechtenorganisatie-bite-back-trekt-met-protestmars-tegen-de-vee-industrie-door-brussel\\\/\",\"url\":\"https:\\\/\\\/biteback.be\\\/dierenrechtenorganisatie-bite-back-trekt-met-protestmars-tegen-de-vee-industrie-door-brussel\\\/\",\"name\":\"Dierenrechtenorganisatie Bite Back trekt met protestmars tegen de vee-industrie door Brussel - Bite Back\",\"isPartOf\":{\"@id\":\"https:\\\/\\\/biteback.be\\\/#website\"},\"primaryImageOfPage\":{\"@id\":\"https:\\\/\\\/biteback.be\\\/dierenrechtenorganisatie-bite-back-trekt-met-protestmars-tegen-de-vee-industrie-door-brussel\\\/#primaryimage\"},\"image\":{\"@id\":\"https:\\\/\\\/biteback.be\\\/dierenrechtenorganisatie-bite-back-trekt-met-protestmars-tegen-de-vee-industrie-door-brussel\\\/#primaryimage\"},\"thumbnailUrl\":\"https:\\\/\\\/i0.wp.com\\\/biteback.be\\\/wp-content\\\/uploads\\\/2024\\\/06\\\/MG_2675.jpg?fit=1990%2C864&ssl=1\",\"datePublished\":\"2024-06-13T14:52:23+00:00\",\"dateModified\":\"2024-06-16T07:22:16+00:00\",\"breadcrumb\":{\"@id\":\"https:\\\/\\\/biteback.be\\\/dierenrechtenorganisatie-bite-back-trekt-met-protestmars-tegen-de-vee-industrie-door-brussel\\\/#breadcrumb\"},\"inLanguage\":\"fr-BE\",\"potentialAction\":[{\"@type\":\"ReadAction\",\"target\":[\"https:\\\/\\\/biteback.be\\\/dierenrechtenorganisatie-bite-back-trekt-met-protestmars-tegen-de-vee-industrie-door-brussel\\\/\"]}]},{\"@type\":\"ImageObject\",\"inLanguage\":\"fr-BE\",\"@id\":\"https:\\\/\\\/biteback.be\\\/dierenrechtenorganisatie-bite-back-trekt-met-protestmars-tegen-de-vee-industrie-door-brussel\\\/#primaryimage\",\"url\":\"https:\\\/\\\/i0.wp.com\\\/biteback.be\\\/wp-content\\\/uploads\\\/2024\\\/06\\\/MG_2675.jpg?fit=1990%2C864&ssl=1\",\"contentUrl\":\"https:\\\/\\\/i0.wp.com\\\/biteback.be\\\/wp-content\\\/uploads\\\/2024\\\/06\\\/MG_2675.jpg?fit=1990%2C864&ssl=1\",\"width\":1990,\"height\":864},{\"@type\":\"BreadcrumbList\",\"@id\":\"https:\\\/\\\/biteback.be\\\/dierenrechtenorganisatie-bite-back-trekt-met-protestmars-tegen-de-vee-industrie-door-brussel\\\/#breadcrumb\",\"itemListElement\":[{\"@type\":\"ListItem\",\"position\":1,\"name\":\"Home\",\"item\":\"https:\\\/\\\/biteback.be\\\/\"},{\"@type\":\"ListItem\",\"position\":2,\"name\":\"Dierenrechtenorganisatie Bite Back trekt met protestmars tegen de vee-industrie door Brussel\"}]},{\"@type\":\"WebSite\",\"@id\":\"https:\\\/\\\/biteback.be\\\/#website\",\"url\":\"https:\\\/\\\/biteback.be\\\/\",\"name\":\"Bite Back\",\"description\":\"Bite Back - Dierenrechtenorganisatie\",\"publisher\":{\"@id\":\"https:\\\/\\\/biteback.be\\\/#organization\"},\"potentialAction\":[{\"@type\":\"SearchAction\",\"target\":{\"@type\":\"EntryPoint\",\"urlTemplate\":\"https:\\\/\\\/biteback.be\\\/?s={search_term_string}\"},\"query-input\":{\"@type\":\"PropertyValueSpecification\",\"valueRequired\":true,\"valueName\":\"search_term_string\"}}],\"inLanguage\":\"fr-BE\"},{\"@type\":\"Organization\",\"@id\":\"https:\\\/\\\/biteback.be\\\/#organization\",\"name\":\"Bite Back\",\"url\":\"https:\\\/\\\/biteback.be\\\/\",\"logo\":{\"@type\":\"ImageObject\",\"inLanguage\":\"fr-BE\",\"@id\":\"https:\\\/\\\/biteback.be\\\/#\\\/schema\\\/logo\\\/image\\\/\",\"url\":\"https:\\\/\\\/i0.wp.com\\\/biteback.be\\\/wp-content\\\/uploads\\\/2023\\\/09\\\/bite-back-logo-1.jpg?fit=212%2C80&ssl=1\",\"contentUrl\":\"https:\\\/\\\/i0.wp.com\\\/biteback.be\\\/wp-content\\\/uploads\\\/2023\\\/09\\\/bite-back-logo-1.jpg?fit=212%2C80&ssl=1\",\"width\":212,\"height\":80,\"caption\":\"Bite Back\"},\"image\":{\"@id\":\"https:\\\/\\\/biteback.be\\\/#\\\/schema\\\/logo\\\/image\\\/\"}},{\"@type\":\"Person\",\"@id\":\"https:\\\/\\\/biteback.be\\\/#\\\/schema\\\/person\\\/cbab2087fb0df8db0ae15a47c01df6f1\",\"name\":\"Tom Merlevede\",\"url\":\"https:\\\/\\\/biteback.be\\\/fr\\\/author\\\/tom\\\/\"}]}<\/script>\n<!-- \/ Yoast SEO plugin. -->","yoast_head_json":{"title":"Dierenrechtenorganisatie Bite Back trekt met protestmars tegen de vee-industrie door Brussel - Bite Back","robots":{"index":"index","follow":"follow","max-snippet":"max-snippet:-1","max-image-preview":"max-image-preview:large","max-video-preview":"max-video-preview:-1"},"canonical":"https:\/\/biteback.be\/fr\/dierenrechtenorganisatie-bite-back-trekt-met-protestmars-tegen-de-vee-industrie-door-brussel\/","og_locale":"fr_FR","og_type":"article","og_title":"Dierenrechtenorganisatie Bite Back trekt met protestmars tegen de vee-industrie door Brussel - Bite Back","og_description":"Dierenrechtenorganisatie Bite Back trekt met protestmars tegen de vee-industrie door Brussel: \u201cDieren staan in de Grondwet en kregen een nieuwe Codex, maar in de praktijk verandert er niets aan het systeem.\u201d Dierenrechtenorganisatie Bite&hellip;","og_url":"https:\/\/biteback.be\/fr\/dierenrechtenorganisatie-bite-back-trekt-met-protestmars-tegen-de-vee-industrie-door-brussel\/","og_site_name":"Bite Back","article_published_time":"2024-06-13T14:52:23+00:00","article_modified_time":"2024-06-16T07:22:16+00:00","og_image":[{"width":1990,"height":864,"url":"https:\/\/biteback.be\/wp-content\/uploads\/2024\/06\/MG_2675.jpg","type":"image\/jpeg"}],"author":"Tom Merlevede","twitter_card":"summary_large_image","twitter_misc":{"\u00c9crit par":"Tom Merlevede","Dur\u00e9e de lecture est.":"3 minutes"},"schema":{"@context":"https:\/\/schema.org","@graph":[{"@type":"Article","@id":"https:\/\/biteback.be\/dierenrechtenorganisatie-bite-back-trekt-met-protestmars-tegen-de-vee-industrie-door-brussel\/#article","isPartOf":{"@id":"https:\/\/biteback.be\/dierenrechtenorganisatie-bite-back-trekt-met-protestmars-tegen-de-vee-industrie-door-brussel\/"},"author":{"name":"Tom Merlevede","@id":"https:\/\/biteback.be\/#\/schema\/person\/cbab2087fb0df8db0ae15a47c01df6f1"},"headline":"Dierenrechtenorganisatie Bite Back trekt met protestmars tegen de vee-industrie door Brussel","datePublished":"2024-06-13T14:52:23+00:00","dateModified":"2024-06-16T07:22:16+00:00","mainEntityOfPage":{"@id":"https:\/\/biteback.be\/dierenrechtenorganisatie-bite-back-trekt-met-protestmars-tegen-de-vee-industrie-door-brussel\/"},"wordCount":565,"publisher":{"@id":"https:\/\/biteback.be\/#organization"},"image":{"@id":"https:\/\/biteback.be\/dierenrechtenorganisatie-bite-back-trekt-met-protestmars-tegen-de-vee-industrie-door-brussel\/#primaryimage"},"thumbnailUrl":"https:\/\/i0.wp.com\/biteback.be\/wp-content\/uploads\/2024\/06\/MG_2675.jpg?fit=1990%2C864&ssl=1","keywords":["brussel","mars","stop de dierindustrie","Wantoestanden"],"articleSection":["Alle berichten"],"inLanguage":"fr-BE"},{"@type":"WebPage","@id":"https:\/\/biteback.be\/dierenrechtenorganisatie-bite-back-trekt-met-protestmars-tegen-de-vee-industrie-door-brussel\/","url":"https:\/\/biteback.be\/dierenrechtenorganisatie-bite-back-trekt-met-protestmars-tegen-de-vee-industrie-door-brussel\/","name":"Dierenrechtenorganisatie Bite Back trekt met protestmars tegen de vee-industrie door Brussel - Bite Back","isPartOf":{"@id":"https:\/\/biteback.be\/#website"},"primaryImageOfPage":{"@id":"https:\/\/biteback.be\/dierenrechtenorganisatie-bite-back-trekt-met-protestmars-tegen-de-vee-industrie-door-brussel\/#primaryimage"},"image":{"@id":"https:\/\/biteback.be\/dierenrechtenorganisatie-bite-back-trekt-met-protestmars-tegen-de-vee-industrie-door-brussel\/#primaryimage"},"thumbnailUrl":"https:\/\/i0.wp.com\/biteback.be\/wp-content\/uploads\/2024\/06\/MG_2675.jpg?fit=1990%2C864&ssl=1","datePublished":"2024-06-13T14:52:23+00:00","dateModified":"2024-06-16T07:22:16+00:00","breadcrumb":{"@id":"https:\/\/biteback.be\/dierenrechtenorganisatie-bite-back-trekt-met-protestmars-tegen-de-vee-industrie-door-brussel\/#breadcrumb"},"inLanguage":"fr-BE","potentialAction":[{"@type":"ReadAction","target":["https:\/\/biteback.be\/dierenrechtenorganisatie-bite-back-trekt-met-protestmars-tegen-de-vee-industrie-door-brussel\/"]}]},{"@type":"ImageObject","inLanguage":"fr-BE","@id":"https:\/\/biteback.be\/dierenrechtenorganisatie-bite-back-trekt-met-protestmars-tegen-de-vee-industrie-door-brussel\/#primaryimage","url":"https:\/\/i0.wp.com\/biteback.be\/wp-content\/uploads\/2024\/06\/MG_2675.jpg?fit=1990%2C864&ssl=1","contentUrl":"https:\/\/i0.wp.com\/biteback.be\/wp-content\/uploads\/2024\/06\/MG_2675.jpg?fit=1990%2C864&ssl=1","width":1990,"height":864},{"@type":"BreadcrumbList","@id":"https:\/\/biteback.be\/dierenrechtenorganisatie-bite-back-trekt-met-protestmars-tegen-de-vee-industrie-door-brussel\/#breadcrumb","itemListElement":[{"@type":"ListItem","position":1,"name":"Home","item":"https:\/\/biteback.be\/"},{"@type":"ListItem","position":2,"name":"Dierenrechtenorganisatie Bite Back trekt met protestmars tegen de vee-industrie door Brussel"}]},{"@type":"WebSite","@id":"https:\/\/biteback.be\/#website","url":"https:\/\/biteback.be\/","name":"Bite Back","description":"Bite Back - Dierenrechtenorganisatie","publisher":{"@id":"https:\/\/biteback.be\/#organization"},"potentialAction":[{"@type":"SearchAction","target":{"@type":"EntryPoint","urlTemplate":"https:\/\/biteback.be\/?s={search_term_string}"},"query-input":{"@type":"PropertyValueSpecification","valueRequired":true,"valueName":"search_term_string"}}],"inLanguage":"fr-BE"},{"@type":"Organization","@id":"https:\/\/biteback.be\/#organization","name":"Bite Back","url":"https:\/\/biteback.be\/","logo":{"@type":"ImageObject","inLanguage":"fr-BE","@id":"https:\/\/biteback.be\/#\/schema\/logo\/image\/","url":"https:\/\/i0.wp.com\/biteback.be\/wp-content\/uploads\/2023\/09\/bite-back-logo-1.jpg?fit=212%2C80&ssl=1","contentUrl":"https:\/\/i0.wp.com\/biteback.be\/wp-content\/uploads\/2023\/09\/bite-back-logo-1.jpg?fit=212%2C80&ssl=1","width":212,"height":80,"caption":"Bite Back"},"image":{"@id":"https:\/\/biteback.be\/#\/schema\/logo\/image\/"}},{"@type":"Person","@id":"https:\/\/biteback.be\/#\/schema\/person\/cbab2087fb0df8db0ae15a47c01df6f1","name":"Tom Merlevede","url":"https:\/\/biteback.be\/fr\/author\/tom\/"}]}},"jetpack_featured_media_url":"https:\/\/i0.wp.com\/biteback.be\/wp-content\/uploads\/2024\/06\/MG_2675.jpg?fit=1990%2C864&ssl=1","jetpack_sharing_enabled":true,"jetpack-related-posts":[],"jetpack_shortlink":"https:\/\/wp.me\/pf4e0W-lcU","_links":{"self":[{"href":"https:\/\/biteback.be\/fr\/wp-json\/wp\/v2\/posts\/81524","targetHints":{"allow":["GET"]}}],"collection":[{"href":"https:\/\/biteback.be\/fr\/wp-json\/wp\/v2\/posts"}],"about":[{"href":"https:\/\/biteback.be\/fr\/wp-json\/wp\/v2\/types\/post"}],"author":[{"embeddable":true,"href":"https:\/\/biteback.be\/fr\/wp-json\/wp\/v2\/users\/10"}],"replies":[{"embeddable":true,"href":"https:\/\/biteback.be\/fr\/wp-json\/wp\/v2\/comments?post=81524"}],"version-history":[{"count":8,"href":"https:\/\/biteback.be\/fr\/wp-json\/wp\/v2\/posts\/81524\/revisions"}],"predecessor-version":[{"id":81607,"href":"https:\/\/biteback.be\/fr\/wp-json\/wp\/v2\/posts\/81524\/revisions\/81607"}],"wp:featuredmedia":[{"embeddable":true,"href":"https:\/\/biteback.be\/fr\/wp-json\/wp\/v2\/media\/81529"}],"wp:attachment":[{"href":"https:\/\/biteback.be\/fr\/wp-json\/wp\/v2\/media?parent=81524"}],"wp:term":[{"taxonomy":"category","embeddable":true,"href":"https:\/\/biteback.be\/fr\/wp-json\/wp\/v2\/categories?post=81524"},{"taxonomy":"post_tag","embeddable":true,"href":"https:\/\/biteback.be\/fr\/wp-json\/wp\/v2\/tags?post=81524"}],"curies":[{"name":"wp","href":"https:\/\/api.w.org\/{rel}","templated":true}]}}