{"id":79937,"date":"2024-03-08T22:05:51","date_gmt":"2024-03-08T21:05:51","guid":{"rendered":"https:\/\/biteback.be\/?p=79937"},"modified":"2024-03-13T14:20:23","modified_gmt":"2024-03-13T13:20:23","slug":"update-dolfijnen-vrij-hoorzitting-commissie-dierenwelzijn","status":"publish","type":"post","link":"https:\/\/biteback.be\/fr\/update-dolfijnen-vrij-hoorzitting-commissie-dierenwelzijn\/","title":{"rendered":"Dauphins libres | Audition de la commission du bien-\u00eatre animal"},"content":{"rendered":"<div data-elementor-type=\"wp-post\" data-elementor-id=\"79937\" class=\"elementor elementor-79937\">\n\t\t\t\t\t\t<section class=\"elementor-section elementor-top-section elementor-element elementor-element-110d84c7 elementor-section-boxed elementor-section-height-default elementor-section-height-default\" data-id=\"110d84c7\" data-element_type=\"section\" data-e-type=\"section\">\n\t\t\t\t\t\t<div class=\"elementor-container elementor-column-gap-extended\">\n\t\t\t\t\t<div class=\"elementor-column elementor-col-100 elementor-top-column elementor-element elementor-element-671a8b14 sc_inner_width_none sc_content_align_inherit sc_layouts_column_icons_position_left\" data-id=\"671a8b14\" data-element_type=\"column\" data-e-type=\"column\">\n\t\t\t<div class=\"elementor-widget-wrap elementor-element-populated\">\n\t\t\t\t\t\t<div class=\"elementor-element elementor-element-e077b4c sc_fly_static elementor-widget elementor-widget-text-editor\" data-id=\"e077b4c\" data-element_type=\"widget\" data-e-type=\"widget\" data-widget_type=\"text-editor.default\">\n\t\t\t\t<div class=\"elementor-widget-container\">\n\t\t\t\t\t\t\t\t\t<h2><strong>Audition au sein de la commission du bien-\u00eatre animal<\/strong><\/h2><p>Vlaams Parlement<b> &#8211; <\/b><strong>Op woensdag 6 maart kwam de commissie dierenwelzijn samen in het Vlaams Parlement in het kader van een hoorzitting. Verschillende sprekers zouden hun idee\u00ebn en aanbevelingen geven rond het ontwerp van decreet dat Els Ampe enkele weken geleden instuurde als adaptatie op de Codex Dierenwelzijn, in juli voorgesteld door minister van Dierenwelzijn Ben Weyts. Bite Back volgde de hoorzitting als gast in het parlement.<\/strong><\/p><h4>De Codex<\/h4><p><span style=\"font-weight: 400;\">In de nieuwe wetten rond dierenwelzijn &#8211; een herziening was broodnodig, daar de vorige wet van 1999 dateert &#8211; viel er eindelijk een beslissing rond het Boudewijn Seapark, het laatste dolfinarium van Belgi\u00eb. <strong>Artikel 21 van de Codex werd een verbod op het houden van dolfijnen<\/strong> (en andere walvisachtigen), maar een <strong>uitzondering<\/strong> werd eveneens voorzien voor het Boudewijnpark als laatste exploitant. Het park mag open blijven, krijgt enkel een fok- en importverbod opgelegd wanneer het zes of meer dolfijnen bezit, moet tegen 2027 een buitenbad voor de dolfijnen bouwen, en wordt vanaf dan om de 10 jaar ge\u00ebvalueerd. (Lees <a href=\"https:\/\/biteback.be\/fr\/weyts-voert-waardeloos-beleid-boudewijn-seapark-mag-open-blijven\/\">ici<\/a> meer over wat de Codex zegt over de dolfijnen.)\u00a0<\/span><\/p><p><span style=\"font-weight: 400;\">Onafhankelijk parlementslid Els Ampe (vroeger lid van Open Vld) ging niet akkoord met dit artikel uit de codex, en stelde in oktober 2023 enkele <strong>wijzigingen<\/strong> voor. Lees het volledige<\/span><a href=\"https:\/\/docs.vlaamsparlement.be\/pfile?id=1995124\"><span style=\"font-weight: 400;\"> une exception<\/span><\/a><span style=\"font-weight: 400;\"> hier.<\/span><\/p><p><strong><span style=\"font-weight: 400;\">(De volledige Codex raadpleeg je <\/span><a href=\"https:\/\/beslissingenvlaamseregering.vlaanderen.be\/document-view\/64B19C1C0592342F299DC125\"><span style=\"font-weight: 400;\">ici<\/span><\/a><span style=\"font-weight: 400;\">.)<\/span><\/strong><\/p><h4><strong><br \/>Ontwerp van Decreet<br \/><\/strong><\/h4><p><span style=\"font-weight: 400;\">Samenvattend pleit het ontwerp voor:<\/span><\/p><ul><li style=\"font-weight: 400;\" aria-level=\"1\"><span style=\"font-weight: 400;\">meer <strong>ruimte<\/strong> voor de dolfijnen (1000 m2 per dolfijn ipv de huidige totale oppervlakte van 700 m2);<\/span><\/li><li style=\"font-weight: 400;\" aria-level=\"1\"><span style=\"font-weight: 400;\">een aanpassing van de <strong>acrylwanden<\/strong> van de bassins naar een meer absorberend materiaal, dat ervoor zou zorgen dat geluidsgolven minder\/niet worden teruggekaatst en dat de dieren zo gespaard worden van veel overlast;<\/span><\/li><li style=\"font-weight: 400;\" aria-level=\"1\"><span style=\"font-weight: 400;\">een <strong>absoluut invoer- en kweekverbod<\/strong> (waar er nu enkel een verbod geldt wanneer er nog zes dolfijnen aanwezig zijn, bij minder dolfijnen wordt dit opgeheven);<\/span><\/li><li style=\"font-weight: 400;\" aria-level=\"1\"><span style=\"font-weight: 400;\">meer inspanningen van het Boudewijnpark zelf om de dolfijnen over te brengen naar een <strong>sanctuary<\/strong> ( &#8211; zoals er eentje in opbouw is in Griekenland);<\/span><\/li><li style=\"font-weight: 400;\" aria-level=\"1\"><span style=\"font-weight: 400;\"><strong>meer evaluaties<\/strong> voor het Boudewijn Seapark en de mogelijkheid tot het verhuizen van de dolfijnen naar een operationele sanctuary, en dit reeds vanaf 2025 (ipv 2037).<\/span><\/li><\/ul>\t\t\t\t\t\t\t\t<\/div>\n\t\t\t\t<\/div>\n\t\t\t\t<div class=\"elementor-element elementor-element-37ac426 sc_fly_static elementor-widget elementor-widget-spacer\" data-id=\"37ac426\" data-element_type=\"widget\" data-e-type=\"widget\" data-widget_type=\"spacer.default\">\n\t\t\t\t<div class=\"elementor-widget-container\">\n\t\t\t\t\t\t\t<div class=\"elementor-spacer\">\n\t\t\t<div class=\"elementor-spacer-inner\"><\/div>\n\t\t<\/div>\n\t\t\t\t\t\t<\/div>\n\t\t\t\t<\/div>\n\t\t\t\t<div class=\"elementor-element elementor-element-a0228b5 elementor-widget-divider--separator-type-pattern elementor-widget-divider--view-line sc_fly_static elementor-widget elementor-widget-divider\" data-id=\"a0228b5\" data-element_type=\"widget\" data-e-type=\"widget\" data-widget_type=\"divider.default\">\n\t\t\t\t<div class=\"elementor-widget-container\">\n\t\t\t\t\t\t\t<div class=\"elementor-divider\" style=\"--divider-pattern-url: url(&quot;data:image\/svg+xml,%3Csvg xmlns=&#039;http:\/\/www.w3.org\/2000\/svg&#039; preserveAspectRatio=&#039;none&#039; overflow=&#039;visible&#039; height=&#039;100%&#039; viewBox=&#039;0 0 20 16&#039; fill=&#039;none&#039; stroke=&#039;black&#039; stroke-width=&#039;1&#039; stroke-linecap=&#039;square&#039; stroke-miterlimit=&#039;10&#039;%3E%3Cg transform=&#039;translate(-12.000000, 0)&#039;%3E%3Cpath d=&#039;M28,0L10,18&#039;\/%3E%3Cpath d=&#039;M18,0L0,18&#039;\/%3E%3Cpath d=&#039;M48,0L30,18&#039;\/%3E%3Cpath d=&#039;M38,0L20,18&#039;\/%3E%3C\/g%3E%3C\/svg%3E&quot;);\">\n\t\t\t<span class=\"elementor-divider-separator\">\n\t\t\t\t\t\t<\/span>\n\t\t<\/div>\n\t\t\t\t\t\t<\/div>\n\t\t\t\t<\/div>\n\t\t\t\t<div class=\"elementor-element elementor-element-dd9361d sc_fly_static elementor-widget elementor-widget-spacer\" data-id=\"dd9361d\" data-element_type=\"widget\" data-e-type=\"widget\" data-widget_type=\"spacer.default\">\n\t\t\t\t<div class=\"elementor-widget-container\">\n\t\t\t\t\t\t\t<div class=\"elementor-spacer\">\n\t\t\t<div class=\"elementor-spacer-inner\"><\/div>\n\t\t<\/div>\n\t\t\t\t\t\t<\/div>\n\t\t\t\t<\/div>\n\t\t\t\t<div class=\"elementor-element elementor-element-dc5b7d1 sc_fly_static elementor-widget elementor-widget-text-editor\" data-id=\"dc5b7d1\" data-element_type=\"widget\" data-e-type=\"widget\" data-widget_type=\"text-editor.default\">\n\t\t\t\t<div class=\"elementor-widget-container\">\n\t\t\t\t\t\t\t\t\t<h4><b>De hoorzitting<\/b><\/h4><p><span style=\"font-weight: 400;\">Aan het woord kwamen Michel Vandenbosch van Gaia, Lars van den Ham (directeur van het Boudewijn Seapark), Martin Boye (president van de EAAM, de European Association for Aquatic Mammals), Koen Margodt (ethicus aan de UGent), Jane Goodall (biologe en oprichter van verschillende sanctuaries voor chimpansees; opgenomen videoboodschap), Nadine Buys (vicevoorzitter Vlaamse Raad voor Dierenwelzijn) en Isabella Clegg (consultant dierenwelzijn rond dolfijnen &amp; dolfinaria). Elk gaven ze hun idee\u00ebn over het wetsvoorstel.<\/span><\/p><ul><li style=\"font-weight: 400;\" aria-level=\"1\"><b>Nadine Buys<\/b><span style=\"font-weight: 400;\"> gaf een overzicht van de inspanningen die de commissie Dierenwelzijn en de werkgroep rond dolfinaria de afgelopen jaren deden.<\/span><\/li><li style=\"font-weight: 400;\" aria-level=\"1\"><b>Isabella Clegg<\/b><span style=\"font-weight: 400;\"> was de onderzoekster die in 2021-2023 in Boudewijn Seapark onderzoek deed naar de leefomstandigheden en het welzijn van de dolfijnen. Zij gaf dus mee vorm aan de beslissing die in de Codex dierenwelzijn stond, en geeft aan dat een buitenbassin momenteel de diervriendelijkste optie is voor de zeven Brugse dolfijnen. De dieren in Brugge hebben het volgens haar \u2018relatief goed\u2019 daar er meer <\/span><i><span style=\"font-weight: 400;\">positive affective states<\/span><\/i><span style=\"font-weight: 400;\"> dan <\/span><i><span style=\"font-weight: 400;\">negative affective states<\/span><\/i><span style=\"font-weight: 400;\"> gemeten werden. Welke parameters die positieve dan wel negatieve staten aanduiden, werd niet toegelicht.<\/span><\/li><li style=\"font-weight: 400;\" aria-level=\"1\"><b>Michel Vandenbosche<\/b><span style=\"font-weight: 400;\"> wees op de hoge intelligentie en natuurlijke leefomstandigheden van tuimelaars, en pleitte voor het overbrengen van de dieren naar een sanctuary.<\/span><\/li><li style=\"font-weight: 400;\" aria-level=\"1\"><b>Lars van den Ham<\/b><span style=\"font-weight: 400;\"> vond het vooral zorgwekkend dat dolfinaria behandeld worden als een aparte categorie binnen de dierentuinwereld, en meende zich geviseerd te voelen. Naar eigen geloof en vermogen legde hij o.a. uit hoe de trainers in het dolfinarium een goede band met de dieren hebben en hoe een bedrijf als een dolfinarium het recht heeft op toekomstperspectief.\u00a0<\/span><\/li><li style=\"font-weight: 400;\" aria-level=\"1\"><b>Martin Boye<\/b><span style=\"font-weight: 400;\">, woordvoerder van de EAAM, verdedigde de status quo en haalde holle argumenten aan, zoals hoe dolfijnen in gevangenschap vaak meer kilometers per dag afleggen dan dolfijnen in het wild. Hij gaf ook aan dat verschillende elementen uit Ampes voorstel niet wetenschappelijk onderbouwd waren.<\/span><\/li><li style=\"font-weight: 400;\" aria-level=\"1\"><b>Koen Margodt<\/b><span> legde enkele cijfers van het Boudewijn Seapark naast het rapport van mevrouw Clegg en de claims die de dolfinariuindustrie maakt. Hij had het o.a. over het hoge aantal dode dieren in Brugge, het feit dat tuimelaardolfijnen niet met uitsterven bedreigd zijn, en het gegeven dat Vlaanderen een verbod op circussen met wilde dieren uitschreef, maar dolfinaria blijft toelaten. Hij werd geruggesteund door <\/span><b>Jane Goodall<\/b><span>, de biologe van wiens onderzoeksgroep Margodt deel uitmaakt. Zij brak in haar videoboodschap een lans voor meer onderzoek naar en fondsen voor een geschikte sanctuary. De tegenstand die zij ondervond bij het oprichten van een sanctuary voor chimpansees vertoont parallellen met de argumenten die partijen nu aanhalen contra het sanctuary-scenario voor de Brugse dolfijnen.<\/span><\/li><\/ul>\t\t\t\t\t\t\t\t<\/div>\n\t\t\t\t<\/div>\n\t\t\t\t<div class=\"elementor-element elementor-element-ac1b7d5 sc_fly_static elementor-widget elementor-widget-spacer\" data-id=\"ac1b7d5\" data-element_type=\"widget\" data-e-type=\"widget\" data-widget_type=\"spacer.default\">\n\t\t\t\t<div class=\"elementor-widget-container\">\n\t\t\t\t\t\t\t<div class=\"elementor-spacer\">\n\t\t\t<div class=\"elementor-spacer-inner\"><\/div>\n\t\t<\/div>\n\t\t\t\t\t\t<\/div>\n\t\t\t\t<\/div>\n\t\t\t\t<div class=\"elementor-element elementor-element-5d878d3 elementor-widget-divider--separator-type-pattern elementor-widget-divider--view-line sc_fly_static elementor-widget elementor-widget-divider\" data-id=\"5d878d3\" data-element_type=\"widget\" data-e-type=\"widget\" data-widget_type=\"divider.default\">\n\t\t\t\t<div class=\"elementor-widget-container\">\n\t\t\t\t\t\t\t<div class=\"elementor-divider\" style=\"--divider-pattern-url: url(&quot;data:image\/svg+xml,%3Csvg xmlns=&#039;http:\/\/www.w3.org\/2000\/svg&#039; preserveAspectRatio=&#039;none&#039; overflow=&#039;visible&#039; height=&#039;100%&#039; viewBox=&#039;0 0 20 16&#039; fill=&#039;none&#039; stroke=&#039;black&#039; stroke-width=&#039;1&#039; stroke-linecap=&#039;square&#039; stroke-miterlimit=&#039;10&#039;%3E%3Cg transform=&#039;translate(-12.000000, 0)&#039;%3E%3Cpath d=&#039;M28,0L10,18&#039;\/%3E%3Cpath d=&#039;M18,0L0,18&#039;\/%3E%3Cpath d=&#039;M48,0L30,18&#039;\/%3E%3Cpath d=&#039;M38,0L20,18&#039;\/%3E%3C\/g%3E%3C\/svg%3E&quot;);\">\n\t\t\t<span class=\"elementor-divider-separator\">\n\t\t\t\t\t\t<\/span>\n\t\t<\/div>\n\t\t\t\t\t\t<\/div>\n\t\t\t\t<\/div>\n\t\t\t\t<div class=\"elementor-element elementor-element-f45834c sc_fly_static elementor-widget elementor-widget-spacer\" data-id=\"f45834c\" data-element_type=\"widget\" data-e-type=\"widget\" data-widget_type=\"spacer.default\">\n\t\t\t\t<div class=\"elementor-widget-container\">\n\t\t\t\t\t\t\t<div class=\"elementor-spacer\">\n\t\t\t<div class=\"elementor-spacer-inner\"><\/div>\n\t\t<\/div>\n\t\t\t\t\t\t<\/div>\n\t\t\t\t<\/div>\n\t\t\t\t<div class=\"elementor-element elementor-element-01147de sc_fly_static elementor-widget elementor-widget-text-editor\" data-id=\"01147de\" data-element_type=\"widget\" data-e-type=\"widget\" data-widget_type=\"text-editor.default\">\n\t\t\t\t<div class=\"elementor-widget-container\">\n\t\t\t\t\t\t\t\t\t<h4><b>Conclusie<\/b><\/h4><p><span style=\"font-weight: 400;\">De verschillende standpunten lagen erg uiteen, en elke spreker kreeg de tijd haar argument in detail uit te werken. O.a. daarom kende de hoorzitting (nog) geen conclusie: de parlementsleden krijgen de kans om schriftelijke vragen voor elk van de sprekers in te sturen. Bij een <strong>tweede hoorzitting<\/strong> worden de vragen besproken en zal er een beslissing vallen over het ontwerp van decreet van mevrouw Ampe.\u00a0<\/span><\/p><p><strong>Bite Back plant ook die zitting op te volgen. We houden jullie op de hoogte via onze sociale media, nieuwsbrief en website.<\/strong><\/p><p><span style=\"font-weight: 400;\">Binnenkort kan je het volledige <\/span><b>verslag<\/b><span style=\"font-weight: 400;\"> van de hoorzitting <\/span><a href=\"https:\/\/www.vlaamsparlement.be\/nl\/parlementair-werk\/commissies\/commissievergaderingen\/1805566\"><span style=\"font-weight: 400;\">ici<\/span><\/a><span style=\"font-weight: 400;\"> nalezen.<\/span><\/p>\t\t\t\t\t\t\t\t<\/div>\n\t\t\t\t<\/div>\n\t\t\t\t<div class=\"elementor-element elementor-element-849adbc sc_fly_static elementor-widget elementor-widget-spacer\" data-id=\"849adbc\" data-element_type=\"widget\" data-e-type=\"widget\" data-widget_type=\"spacer.default\">\n\t\t\t\t<div class=\"elementor-widget-container\">\n\t\t\t\t\t\t\t<div class=\"elementor-spacer\">\n\t\t\t<div class=\"elementor-spacer-inner\"><\/div>\n\t\t<\/div>\n\t\t\t\t\t\t<\/div>\n\t\t\t\t<\/div>\n\t\t\t\t\t<\/div>\n\t\t<\/div>\n\t\t\t\t\t<\/div>\n\t\t<\/section>\n\t\t\t\t<section class=\"elementor-section elementor-top-section elementor-element elementor-element-fe18835 elementor-section-boxed elementor-section-height-default elementor-section-height-default\" data-id=\"fe18835\" data-element_type=\"section\" data-e-type=\"section\">\n\t\t\t\t\t\t<div class=\"elementor-container elementor-column-gap-extended\">\n\t\t\t\t\t<div class=\"elementor-column elementor-col-100 elementor-top-column elementor-element elementor-element-c85af59 sc_inner_width_none sc_content_align_inherit sc_layouts_column_icons_position_left\" data-id=\"c85af59\" data-element_type=\"column\" data-e-type=\"column\">\n\t\t\t<div class=\"elementor-widget-wrap elementor-element-populated\">\n\t\t\t\t\t\t<div class=\"elementor-element elementor-element-04acc2d sc_fly_static elementor-widget elementor-widget-image\" data-id=\"04acc2d\" data-element_type=\"widget\" data-e-type=\"widget\" data-widget_type=\"image.default\">\n\t\t\t\t<div class=\"elementor-widget-container\">\n\t\t\t\t\t\t\t\t\t\t\t\t\t\t\t<img fetchpriority=\"high\" decoding=\"async\" width=\"1024\" height=\"1024\" src=\"https:\/\/i0.wp.com\/biteback.be\/wp-content\/uploads\/2024\/03\/Dolfijnen_Dood_BSP.jpg?fit=1024%2C1024&amp;ssl=1\" class=\"attachment-large size-large wp-image-79944\" alt=\"\" srcset=\"https:\/\/i0.wp.com\/biteback.be\/wp-content\/uploads\/2024\/03\/Dolfijnen_Dood_BSP.jpg?w=1362&amp;ssl=1 1362w, https:\/\/i0.wp.com\/biteback.be\/wp-content\/uploads\/2024\/03\/Dolfijnen_Dood_BSP.jpg?resize=300%2C300&amp;ssl=1 300w, https:\/\/i0.wp.com\/biteback.be\/wp-content\/uploads\/2024\/03\/Dolfijnen_Dood_BSP.jpg?resize=1024%2C1024&amp;ssl=1 1024w, https:\/\/i0.wp.com\/biteback.be\/wp-content\/uploads\/2024\/03\/Dolfijnen_Dood_BSP.jpg?resize=150%2C150&amp;ssl=1 150w, https:\/\/i0.wp.com\/biteback.be\/wp-content\/uploads\/2024\/03\/Dolfijnen_Dood_BSP.jpg?resize=768%2C768&amp;ssl=1 768w, https:\/\/i0.wp.com\/biteback.be\/wp-content\/uploads\/2024\/03\/Dolfijnen_Dood_BSP.jpg?resize=370%2C370&amp;ssl=1 370w, https:\/\/i0.wp.com\/biteback.be\/wp-content\/uploads\/2024\/03\/Dolfijnen_Dood_BSP.jpg?resize=90%2C90&amp;ssl=1 90w, https:\/\/i0.wp.com\/biteback.be\/wp-content\/uploads\/2024\/03\/Dolfijnen_Dood_BSP.jpg?resize=770%2C770&amp;ssl=1 770w, https:\/\/i0.wp.com\/biteback.be\/wp-content\/uploads\/2024\/03\/Dolfijnen_Dood_BSP.jpg?resize=1170%2C1170&amp;ssl=1 1170w\" sizes=\"(max-width: 1024px) 100vw, 1024px\" \/>\t\t\t\t\t\t\t\t\t\t\t\t\t\t\t<\/div>\n\t\t\t\t<\/div>\n\t\t\t\t\t<\/div>\n\t\t<\/div>\n\t\t\t\t\t<\/div>\n\t\t<\/section>\n\t\t\t\t<\/div>","protected":false},"excerpt":{"rendered":"<p>Bite Back volgde op woensdag 6 maart mee in het Vlaams Parlement, waar sprekers en parlementari\u00ebrs verschillende standpunten over dolfijnen en dolfinaria zouden bespreken.<\/p>","protected":false},"author":4,"featured_media":79940,"comment_status":"closed","ping_status":"closed","sticky":false,"template":"","format":"standard","meta":{"_jetpack_memberships_contains_paid_content":false,"footnotes":""},"categories":[52,100],"tags":[113,109,110,116,111,112,114,115],"class_list":["post-79937","post","type-post","status-publish","format-standard","has-post-thumbnail","hentry","category-dolfijnen-vrij","category-onderzoek-updates","tag-ben-weyts","tag-boudewijn-seapark","tag-brugge","tag-codex-dierenwelzijn","tag-commissie-dierenwelzijn","tag-hoorzitting","tag-jane-goodall","tag-ontwerp-van-decreet"],"yoast_head":"<!-- This site is optimized with the Yoast SEO plugin v27.5 - https:\/\/yoast.com\/product\/yoast-seo-wordpress\/ -->\n<title>Update Dolfijnen Vrij | Hoorzitting Commissie Dierenwelzijn - Bite Back<\/title>\n<meta name=\"robots\" content=\"index, follow, max-snippet:-1, max-image-preview:large, max-video-preview:-1\" \/>\n<link rel=\"canonical\" href=\"https:\/\/biteback.be\/fr\/update-dolfijnen-vrij-hoorzitting-commissie-dierenwelzijn\/\" \/>\n<meta property=\"og:locale\" content=\"fr_FR\" \/>\n<meta property=\"og:type\" content=\"article\" \/>\n<meta property=\"og:title\" content=\"Update Dolfijnen Vrij | Hoorzitting Commissie Dierenwelzijn - Bite Back\" \/>\n<meta property=\"og:description\" content=\"Bite Back volgde op woensdag 6 maart mee in het Vlaams Parlement, waar sprekers en parlementari\u00ebrs verschillende standpunten over dolfijnen en dolfinaria zouden bespreken.\" \/>\n<meta property=\"og:url\" content=\"https:\/\/biteback.be\/fr\/update-dolfijnen-vrij-hoorzitting-commissie-dierenwelzijn\/\" \/>\n<meta property=\"og:site_name\" content=\"Bite Back\" \/>\n<meta property=\"article:published_time\" content=\"2024-03-08T21:05:51+00:00\" \/>\n<meta property=\"article:modified_time\" content=\"2024-03-13T13:20:23+00:00\" \/>\n<meta property=\"og:image\" content=\"https:\/\/i0.wp.com\/biteback.be\/wp-content\/uploads\/2024\/03\/MG_8477.jpg?fit=2189%2C1459&ssl=1\" \/>\n\t<meta property=\"og:image:width\" content=\"2189\" \/>\n\t<meta property=\"og:image:height\" content=\"1459\" \/>\n\t<meta property=\"og:image:type\" content=\"image\/jpeg\" \/>\n<meta name=\"author\" content=\"Anthe Lain\u00e9\" \/>\n<meta name=\"twitter:card\" content=\"summary_large_image\" \/>\n<meta name=\"twitter:label1\" content=\"\u00c9crit par\" \/>\n\t<meta name=\"twitter:data1\" content=\"Anthe Lain\u00e9\" \/>\n\t<meta name=\"twitter:label2\" content=\"Dur\u00e9e de lecture est.\" \/>\n\t<meta name=\"twitter:data2\" content=\"4 minutes\" \/>\n<script type=\"application\/ld+json\" class=\"yoast-schema-graph\">{\"@context\":\"https:\\\/\\\/schema.org\",\"@graph\":[{\"@type\":\"Article\",\"@id\":\"https:\\\/\\\/biteback.be\\\/update-dolfijnen-vrij-hoorzitting-commissie-dierenwelzijn\\\/#article\",\"isPartOf\":{\"@id\":\"https:\\\/\\\/biteback.be\\\/update-dolfijnen-vrij-hoorzitting-commissie-dierenwelzijn\\\/\"},\"author\":{\"name\":\"Anthe Lain\u00e9\",\"@id\":\"https:\\\/\\\/biteback.be\\\/#\\\/schema\\\/person\\\/3732d0b3d52888bc1f2faad7aeec39fd\"},\"headline\":\"Update Dolfijnen Vrij | Hoorzitting Commissie Dierenwelzijn\",\"datePublished\":\"2024-03-08T21:05:51+00:00\",\"dateModified\":\"2024-03-13T13:20:23+00:00\",\"mainEntityOfPage\":{\"@id\":\"https:\\\/\\\/biteback.be\\\/update-dolfijnen-vrij-hoorzitting-commissie-dierenwelzijn\\\/\"},\"wordCount\":887,\"publisher\":{\"@id\":\"https:\\\/\\\/biteback.be\\\/#organization\"},\"image\":{\"@id\":\"https:\\\/\\\/biteback.be\\\/update-dolfijnen-vrij-hoorzitting-commissie-dierenwelzijn\\\/#primaryimage\"},\"thumbnailUrl\":\"https:\\\/\\\/i0.wp.com\\\/biteback.be\\\/wp-content\\\/uploads\\\/2024\\\/03\\\/MG_8477.jpg?fit=2189%2C1459&ssl=1\",\"keywords\":[\"Ben Weyts\",\"Boudewijn Seapark\",\"Brugge\",\"Codex Dierenwelzijn\",\"Commissie Dierenwelzijn\",\"Hoorzitting\",\"Jane Goodall\",\"Ontwerp van Decreet\"],\"articleSection\":[\"Dolfijnen Vrij\",\"Onderzoek | Updates\"],\"inLanguage\":\"fr-BE\"},{\"@type\":\"WebPage\",\"@id\":\"https:\\\/\\\/biteback.be\\\/update-dolfijnen-vrij-hoorzitting-commissie-dierenwelzijn\\\/\",\"url\":\"https:\\\/\\\/biteback.be\\\/update-dolfijnen-vrij-hoorzitting-commissie-dierenwelzijn\\\/\",\"name\":\"Update Dolfijnen Vrij | Hoorzitting Commissie Dierenwelzijn - Bite Back\",\"isPartOf\":{\"@id\":\"https:\\\/\\\/biteback.be\\\/#website\"},\"primaryImageOfPage\":{\"@id\":\"https:\\\/\\\/biteback.be\\\/update-dolfijnen-vrij-hoorzitting-commissie-dierenwelzijn\\\/#primaryimage\"},\"image\":{\"@id\":\"https:\\\/\\\/biteback.be\\\/update-dolfijnen-vrij-hoorzitting-commissie-dierenwelzijn\\\/#primaryimage\"},\"thumbnailUrl\":\"https:\\\/\\\/i0.wp.com\\\/biteback.be\\\/wp-content\\\/uploads\\\/2024\\\/03\\\/MG_8477.jpg?fit=2189%2C1459&ssl=1\",\"datePublished\":\"2024-03-08T21:05:51+00:00\",\"dateModified\":\"2024-03-13T13:20:23+00:00\",\"breadcrumb\":{\"@id\":\"https:\\\/\\\/biteback.be\\\/update-dolfijnen-vrij-hoorzitting-commissie-dierenwelzijn\\\/#breadcrumb\"},\"inLanguage\":\"fr-BE\",\"potentialAction\":[{\"@type\":\"ReadAction\",\"target\":[\"https:\\\/\\\/biteback.be\\\/update-dolfijnen-vrij-hoorzitting-commissie-dierenwelzijn\\\/\"]}]},{\"@type\":\"ImageObject\",\"inLanguage\":\"fr-BE\",\"@id\":\"https:\\\/\\\/biteback.be\\\/update-dolfijnen-vrij-hoorzitting-commissie-dierenwelzijn\\\/#primaryimage\",\"url\":\"https:\\\/\\\/i0.wp.com\\\/biteback.be\\\/wp-content\\\/uploads\\\/2024\\\/03\\\/MG_8477.jpg?fit=2189%2C1459&ssl=1\",\"contentUrl\":\"https:\\\/\\\/i0.wp.com\\\/biteback.be\\\/wp-content\\\/uploads\\\/2024\\\/03\\\/MG_8477.jpg?fit=2189%2C1459&ssl=1\",\"width\":2189,\"height\":1459},{\"@type\":\"BreadcrumbList\",\"@id\":\"https:\\\/\\\/biteback.be\\\/update-dolfijnen-vrij-hoorzitting-commissie-dierenwelzijn\\\/#breadcrumb\",\"itemListElement\":[{\"@type\":\"ListItem\",\"position\":1,\"name\":\"Home\",\"item\":\"https:\\\/\\\/biteback.be\\\/\"},{\"@type\":\"ListItem\",\"position\":2,\"name\":\"Update Dolfijnen Vrij | Hoorzitting Commissie Dierenwelzijn\"}]},{\"@type\":\"WebSite\",\"@id\":\"https:\\\/\\\/biteback.be\\\/#website\",\"url\":\"https:\\\/\\\/biteback.be\\\/\",\"name\":\"Bite Back\",\"description\":\"Bite Back - Dierenrechtenorganisatie\",\"publisher\":{\"@id\":\"https:\\\/\\\/biteback.be\\\/#organization\"},\"potentialAction\":[{\"@type\":\"SearchAction\",\"target\":{\"@type\":\"EntryPoint\",\"urlTemplate\":\"https:\\\/\\\/biteback.be\\\/?s={search_term_string}\"},\"query-input\":{\"@type\":\"PropertyValueSpecification\",\"valueRequired\":true,\"valueName\":\"search_term_string\"}}],\"inLanguage\":\"fr-BE\"},{\"@type\":\"Organization\",\"@id\":\"https:\\\/\\\/biteback.be\\\/#organization\",\"name\":\"Bite Back\",\"url\":\"https:\\\/\\\/biteback.be\\\/\",\"logo\":{\"@type\":\"ImageObject\",\"inLanguage\":\"fr-BE\",\"@id\":\"https:\\\/\\\/biteback.be\\\/#\\\/schema\\\/logo\\\/image\\\/\",\"url\":\"https:\\\/\\\/i0.wp.com\\\/biteback.be\\\/wp-content\\\/uploads\\\/2023\\\/09\\\/bite-back-logo-1.jpg?fit=212%2C80&ssl=1\",\"contentUrl\":\"https:\\\/\\\/i0.wp.com\\\/biteback.be\\\/wp-content\\\/uploads\\\/2023\\\/09\\\/bite-back-logo-1.jpg?fit=212%2C80&ssl=1\",\"width\":212,\"height\":80,\"caption\":\"Bite Back\"},\"image\":{\"@id\":\"https:\\\/\\\/biteback.be\\\/#\\\/schema\\\/logo\\\/image\\\/\"}},{\"@type\":\"Person\",\"@id\":\"https:\\\/\\\/biteback.be\\\/#\\\/schema\\\/person\\\/3732d0b3d52888bc1f2faad7aeec39fd\",\"name\":\"Anthe Lain\u00e9\",\"url\":\"https:\\\/\\\/biteback.be\\\/fr\\\/author\\\/anthe\\\/\"}]}<\/script>\n<!-- \/ Yoast SEO plugin. -->","yoast_head_json":{"title":"Update Dolfijnen Vrij | Hoorzitting Commissie Dierenwelzijn - Bite Back","robots":{"index":"index","follow":"follow","max-snippet":"max-snippet:-1","max-image-preview":"max-image-preview:large","max-video-preview":"max-video-preview:-1"},"canonical":"https:\/\/biteback.be\/fr\/update-dolfijnen-vrij-hoorzitting-commissie-dierenwelzijn\/","og_locale":"fr_FR","og_type":"article","og_title":"Update Dolfijnen Vrij | Hoorzitting Commissie Dierenwelzijn - Bite Back","og_description":"Bite Back volgde op woensdag 6 maart mee in het Vlaams Parlement, waar sprekers en parlementari\u00ebrs verschillende standpunten over dolfijnen en dolfinaria zouden bespreken.","og_url":"https:\/\/biteback.be\/fr\/update-dolfijnen-vrij-hoorzitting-commissie-dierenwelzijn\/","og_site_name":"Bite Back","article_published_time":"2024-03-08T21:05:51+00:00","article_modified_time":"2024-03-13T13:20:23+00:00","og_image":[{"width":2189,"height":1459,"url":"https:\/\/i0.wp.com\/biteback.be\/wp-content\/uploads\/2024\/03\/MG_8477.jpg?fit=2189%2C1459&ssl=1","type":"image\/jpeg"}],"author":"Anthe Lain\u00e9","twitter_card":"summary_large_image","twitter_misc":{"\u00c9crit par":"Anthe Lain\u00e9","Dur\u00e9e de lecture est.":"4 minutes"},"schema":{"@context":"https:\/\/schema.org","@graph":[{"@type":"Article","@id":"https:\/\/biteback.be\/update-dolfijnen-vrij-hoorzitting-commissie-dierenwelzijn\/#article","isPartOf":{"@id":"https:\/\/biteback.be\/update-dolfijnen-vrij-hoorzitting-commissie-dierenwelzijn\/"},"author":{"name":"Anthe Lain\u00e9","@id":"https:\/\/biteback.be\/#\/schema\/person\/3732d0b3d52888bc1f2faad7aeec39fd"},"headline":"Update Dolfijnen Vrij | Hoorzitting Commissie Dierenwelzijn","datePublished":"2024-03-08T21:05:51+00:00","dateModified":"2024-03-13T13:20:23+00:00","mainEntityOfPage":{"@id":"https:\/\/biteback.be\/update-dolfijnen-vrij-hoorzitting-commissie-dierenwelzijn\/"},"wordCount":887,"publisher":{"@id":"https:\/\/biteback.be\/#organization"},"image":{"@id":"https:\/\/biteback.be\/update-dolfijnen-vrij-hoorzitting-commissie-dierenwelzijn\/#primaryimage"},"thumbnailUrl":"https:\/\/i0.wp.com\/biteback.be\/wp-content\/uploads\/2024\/03\/MG_8477.jpg?fit=2189%2C1459&ssl=1","keywords":["Ben Weyts","Boudewijn Seapark","Brugge","Codex Dierenwelzijn","Commissie Dierenwelzijn","Hoorzitting","Jane Goodall","Ontwerp van Decreet"],"articleSection":["Dolfijnen Vrij","Onderzoek | Updates"],"inLanguage":"fr-BE"},{"@type":"WebPage","@id":"https:\/\/biteback.be\/update-dolfijnen-vrij-hoorzitting-commissie-dierenwelzijn\/","url":"https:\/\/biteback.be\/update-dolfijnen-vrij-hoorzitting-commissie-dierenwelzijn\/","name":"Update Dolfijnen Vrij | Hoorzitting Commissie Dierenwelzijn - Bite Back","isPartOf":{"@id":"https:\/\/biteback.be\/#website"},"primaryImageOfPage":{"@id":"https:\/\/biteback.be\/update-dolfijnen-vrij-hoorzitting-commissie-dierenwelzijn\/#primaryimage"},"image":{"@id":"https:\/\/biteback.be\/update-dolfijnen-vrij-hoorzitting-commissie-dierenwelzijn\/#primaryimage"},"thumbnailUrl":"https:\/\/i0.wp.com\/biteback.be\/wp-content\/uploads\/2024\/03\/MG_8477.jpg?fit=2189%2C1459&ssl=1","datePublished":"2024-03-08T21:05:51+00:00","dateModified":"2024-03-13T13:20:23+00:00","breadcrumb":{"@id":"https:\/\/biteback.be\/update-dolfijnen-vrij-hoorzitting-commissie-dierenwelzijn\/#breadcrumb"},"inLanguage":"fr-BE","potentialAction":[{"@type":"ReadAction","target":["https:\/\/biteback.be\/update-dolfijnen-vrij-hoorzitting-commissie-dierenwelzijn\/"]}]},{"@type":"ImageObject","inLanguage":"fr-BE","@id":"https:\/\/biteback.be\/update-dolfijnen-vrij-hoorzitting-commissie-dierenwelzijn\/#primaryimage","url":"https:\/\/i0.wp.com\/biteback.be\/wp-content\/uploads\/2024\/03\/MG_8477.jpg?fit=2189%2C1459&ssl=1","contentUrl":"https:\/\/i0.wp.com\/biteback.be\/wp-content\/uploads\/2024\/03\/MG_8477.jpg?fit=2189%2C1459&ssl=1","width":2189,"height":1459},{"@type":"BreadcrumbList","@id":"https:\/\/biteback.be\/update-dolfijnen-vrij-hoorzitting-commissie-dierenwelzijn\/#breadcrumb","itemListElement":[{"@type":"ListItem","position":1,"name":"Home","item":"https:\/\/biteback.be\/"},{"@type":"ListItem","position":2,"name":"Update Dolfijnen Vrij | Hoorzitting Commissie Dierenwelzijn"}]},{"@type":"WebSite","@id":"https:\/\/biteback.be\/#website","url":"https:\/\/biteback.be\/","name":"Bite Back","description":"Bite Back - Dierenrechtenorganisatie","publisher":{"@id":"https:\/\/biteback.be\/#organization"},"potentialAction":[{"@type":"SearchAction","target":{"@type":"EntryPoint","urlTemplate":"https:\/\/biteback.be\/?s={search_term_string}"},"query-input":{"@type":"PropertyValueSpecification","valueRequired":true,"valueName":"search_term_string"}}],"inLanguage":"fr-BE"},{"@type":"Organization","@id":"https:\/\/biteback.be\/#organization","name":"Bite Back","url":"https:\/\/biteback.be\/","logo":{"@type":"ImageObject","inLanguage":"fr-BE","@id":"https:\/\/biteback.be\/#\/schema\/logo\/image\/","url":"https:\/\/i0.wp.com\/biteback.be\/wp-content\/uploads\/2023\/09\/bite-back-logo-1.jpg?fit=212%2C80&ssl=1","contentUrl":"https:\/\/i0.wp.com\/biteback.be\/wp-content\/uploads\/2023\/09\/bite-back-logo-1.jpg?fit=212%2C80&ssl=1","width":212,"height":80,"caption":"Bite Back"},"image":{"@id":"https:\/\/biteback.be\/#\/schema\/logo\/image\/"}},{"@type":"Person","@id":"https:\/\/biteback.be\/#\/schema\/person\/3732d0b3d52888bc1f2faad7aeec39fd","name":"Anthe Lain\u00e9","url":"https:\/\/biteback.be\/fr\/author\/anthe\/"}]}},"jetpack_featured_media_url":"https:\/\/i0.wp.com\/biteback.be\/wp-content\/uploads\/2024\/03\/MG_8477.jpg?fit=2189%2C1459&ssl=1","jetpack_sharing_enabled":true,"jetpack-related-posts":[],"jetpack_shortlink":"https:\/\/wp.me\/pf4e0W-kNj","_links":{"self":[{"href":"https:\/\/biteback.be\/fr\/wp-json\/wp\/v2\/posts\/79937","targetHints":{"allow":["GET"]}}],"collection":[{"href":"https:\/\/biteback.be\/fr\/wp-json\/wp\/v2\/posts"}],"about":[{"href":"https:\/\/biteback.be\/fr\/wp-json\/wp\/v2\/types\/post"}],"author":[{"embeddable":true,"href":"https:\/\/biteback.be\/fr\/wp-json\/wp\/v2\/users\/4"}],"replies":[{"embeddable":true,"href":"https:\/\/biteback.be\/fr\/wp-json\/wp\/v2\/comments?post=79937"}],"version-history":[{"count":1,"href":"https:\/\/biteback.be\/fr\/wp-json\/wp\/v2\/posts\/79937\/revisions"}],"predecessor-version":[{"id":80029,"href":"https:\/\/biteback.be\/fr\/wp-json\/wp\/v2\/posts\/79937\/revisions\/80029"}],"wp:featuredmedia":[{"embeddable":true,"href":"https:\/\/biteback.be\/fr\/wp-json\/wp\/v2\/media\/79940"}],"wp:attachment":[{"href":"https:\/\/biteback.be\/fr\/wp-json\/wp\/v2\/media?parent=79937"}],"wp:term":[{"taxonomy":"category","embeddable":true,"href":"https:\/\/biteback.be\/fr\/wp-json\/wp\/v2\/categories?post=79937"},{"taxonomy":"post_tag","embeddable":true,"href":"https:\/\/biteback.be\/fr\/wp-json\/wp\/v2\/tags?post=79937"}],"curies":[{"name":"wp","href":"https:\/\/api.w.org\/{rel}","templated":true}]}}