{"id":77102,"date":"2024-01-17T15:27:55","date_gmt":"2024-01-17T14:27:55","guid":{"rendered":"https:\/\/biteback.be\/?p=77090"},"modified":"2024-02-25T15:31:36","modified_gmt":"2024-02-25T14:31:36","slug":"wake-voor-de-slachtoffers-van-de-dierindustrie-leuven","status":"publish","type":"post","link":"https:\/\/biteback.be\/fr\/wake-voor-de-slachtoffers-van-de-dierindustrie-leuven\/","title":{"rendered":"Wake voor de Slachtoffers van de Dierindustrie | Leuven"},"content":{"rendered":"<div data-elementor-type=\"wp-post\" data-elementor-id=\"77102\" class=\"elementor elementor-77102\">\n\t\t\t\t\t\t<section class=\"elementor-section elementor-top-section elementor-element elementor-element-9e682a2 elementor-section-boxed elementor-section-height-default elementor-section-height-default\" data-id=\"9e682a2\" data-element_type=\"section\" data-e-type=\"section\">\n\t\t\t\t\t\t<div class=\"elementor-container elementor-column-gap-extended\">\n\t\t\t\t\t<div class=\"elementor-column elementor-col-100 elementor-top-column elementor-element elementor-element-2d33a472 sc_inner_width_none sc_content_align_inherit sc_layouts_column_icons_position_left\" data-id=\"2d33a472\" data-element_type=\"column\" data-e-type=\"column\">\n\t\t\t<div class=\"elementor-widget-wrap elementor-element-populated\">\n\t\t\t\t\t\t<div class=\"elementor-element elementor-element-151e3204 sc_fly_static elementor-widget elementor-widget-text-editor\" data-id=\"151e3204\" data-element_type=\"widget\" data-e-type=\"widget\" data-widget_type=\"text-editor.default\">\n\t\t\t\t<div class=\"elementor-widget-container\">\n\t\t\t\t\t\t\t\t\t<h2>Stille wake in Leuven herdenkt slachtoffers dierindustrie.<\/h2>\n<p><b>Eind december kwamen in Leuven 50 activisten samen voor een stille wake voor de slachtoffers van de dierindustrie. Tijdens deze serene actie stonden we stil bij de miljoenen dieren die jaarlijks in Belgi\u00eb en daarbuiten gedood worden voor voedsel, kleding, dierproeven en andere doeleinden.<\/b><\/p>\n<p><span style=\"font-weight: 400;\">Heel wat voorbijgangers toonden interesse in de actie en in de redenen voor deze wake. <\/span><\/p>\n<p><span style=\"font-weight: 400;\">Een voorbijganger getuigde &#8220;<\/span><i><span style=\"font-weight: 400;\">Als je de beelden ziet die soms uit slachthuizen komen, vind ik het vreselijk wat er met die dieren gebeurt&#8221;. <\/span><\/i><span style=\"font-weight: 400;\">De 50 deelnemers stonden in driehoeksformatie en hielden borden vast met de silhouetten van vissen, kippen, varkens en koeien. Ze werden tot tranen toe beroerd tijdens een speech over de dieren die elk jaar de dood vinden in ons kleine land. <\/span><span style=\"font-weight: 400;\"><br><\/span><\/p>\n<p><span style=\"font-weight: 400;\">Co\u00f6rdinator Sara Surinx: <\/span><i><span style=\"font-weight: 400;\">\u201cElk jaar sterven er in Belgi\u00eb meer dan 310 miljoen dieren in de slachthuizen omdat we als mensen hun vlees of eieren willen eten of hun melk willen drinken. Er sterven miljoenen dieren omdat er proeven op hen worden uitgevoerd, omdat we hun vacht zo mooi vinden, omdat ze slachtoffer worden van het verkeer of omdat ze ons \u00e9\u00e9n of ander nut dienen te bewijzen. Tijdens deze wake staan we stil bij deze individuen, omdat anderen dat niet doen. We vragen dat mensen, tijdens deze eindejaarsperiode, nadenken over wie er op hun bord ligt.\u201d<\/span><\/i><span style=\"font-weight: 400;\"><br><\/span><\/p>\n<p><span style=\"font-weight: 400;\">Gelukkig staan er steeds meer mensen stil bij het leed achter dierlijke producten en kiezen ze vaker voor een plantaardige maaltijd.&nbsp;<\/span><span style=\"font-weight: 400;\">Kiezen voor veganisme is niet alleen goed voor de dieren, maar ook voor het milieu. De veehouderij is wereldwijd verantwoordelijk voor 14,5% van de uitstoot van broeikasgassen. Bovendien is het de grootste milieuvervuiler als we drinkwaterverbruik, biodiversiteitsverlies, stikstofcyclusverstoring en gebruik van landoppervlak in beschouwing nemen. Meer plantaardige voeding en minder dierlijke eiwitten zijn nodig om de impact op het milieu te verkleinen.<\/span><\/p>\n<p>Met deze laatste actie van het jaar zetten we de dieren centraal die elke dag moeten sterven om geconsumeerd of gebruikt te worden<\/p>\n<p><span style=\"font-weight: 400;\"><strong>Merci<\/strong> aan onze activisten om in de ijzige kou op te komen voor de dieren.<\/span><\/p>\n<p><span style=\"font-weight: 400;\"><strong>Merci<\/strong> aan Shirley, Ben en Will die heerlijk gebak maakten.<\/span><\/p>\n<p><span style=\"font-weight: 400;\"><strong>Merci<\/strong> aan alle voorbijgangers die duimen omhoog staken, info kwamen vergaren, of (even) stilstonden bij onze actie.<\/span><span style=\"font-weight: 400;\">Wil je graag op de hoogte blijven van acties? <a href=\"https:\/\/biteback.be\/fr\/agenda\/\" target=\"_blank\" rel=\"noopener\">Check onze kalender<\/a> of meld je aan voor onze nieuwsbrief.<\/span><\/p>\n<figure id=\"attachment_78170\" aria-describedby=\"caption-attachment-78170\" style=\"width: 683px\" class=\"wp-caption aligncenter\"><img fetchpriority=\"high\" decoding=\"async\" data-recalc-dims=\"1\" class=\"wp-image-78170 size-full\" src=\"https:\/\/i0.wp.com\/biteback.be\/wp-content\/uploads\/2024\/01\/wake-leuven-december-2023.jpg?resize=683%2C1024&#038;ssl=1\" alt=\"Wake Leuven - December 2023\" width=\"683\" height=\"1024\" srcset=\"https:\/\/i0.wp.com\/biteback.be\/wp-content\/uploads\/2024\/01\/wake-leuven-december-2023.jpg?w=683&amp;ssl=1 683w, https:\/\/i0.wp.com\/biteback.be\/wp-content\/uploads\/2024\/01\/wake-leuven-december-2023.jpg?resize=200%2C300&amp;ssl=1 200w, https:\/\/i0.wp.com\/biteback.be\/wp-content\/uploads\/2024\/01\/wake-leuven-december-2023.jpg?resize=370%2C555&amp;ssl=1 370w\" sizes=\"(max-width: 683px) 100vw, 683px\" \/><figcaption id=\"caption-attachment-78170\" class=\"wp-caption-text\">Wake Leuven &#8211; December 2023<\/figcaption><\/figure>\n<p><span style=\"font-weight: 400;\"><br>Wil je graag mee actie voeren? <a href=\"https:\/\/biteback.be\/fr\/help-ons\/word-activist\/\" target=\"_blank\" rel=\"noopener\">Devenez militant<\/a> en word vrijwilliger voor de dieren.<\/span><\/p>\t\t\t\t\t\t\t\t<\/div>\n\t\t\t\t<\/div>\n\t\t\t\t\t<\/div>\n\t\t<\/div>\n\t\t\t\t\t<\/div>\n\t\t<\/section>\n\t\t\t\t<\/div>","protected":false},"excerpt":{"rendered":"<p>Stille wake in Leuven herdenkt slachtoffers dierindustrie. Eind december kwamen in Leuven 50 activisten samen voor een stille wake voor de slachtoffers van de dierindustrie. Tijdens deze serene actie stonden we stil bij&hellip;<\/p>","protected":false},"author":4,"featured_media":77117,"comment_status":"closed","ping_status":"open","sticky":false,"template":"","format":"standard","meta":{"_jetpack_memberships_contains_paid_content":false,"footnotes":""},"categories":[54],"tags":[],"class_list":["post-77102","post","type-post","status-publish","format-standard","has-post-thumbnail","hentry","category-stop-de-dierindustrie"],"yoast_head":"<!-- This site is optimized with the Yoast SEO plugin v27.5 - https:\/\/yoast.com\/product\/yoast-seo-wordpress\/ -->\n<title>Wake voor de Slachtoffers van de Dierindustrie | Leuven - Bite Back<\/title>\n<meta name=\"robots\" content=\"index, follow, max-snippet:-1, max-image-preview:large, max-video-preview:-1\" \/>\n<link rel=\"canonical\" href=\"https:\/\/biteback.be\/fr\/wake-voor-de-slachtoffers-van-de-dierindustrie-leuven\/\" \/>\n<meta property=\"og:locale\" content=\"fr_FR\" \/>\n<meta property=\"og:type\" content=\"article\" \/>\n<meta property=\"og:title\" content=\"Wake voor de Slachtoffers van de Dierindustrie | Leuven - Bite Back\" \/>\n<meta property=\"og:description\" content=\"Stille wake in Leuven herdenkt slachtoffers dierindustrie. Eind december kwamen in Leuven 50 activisten samen voor een stille wake voor de slachtoffers van de dierindustrie. Tijdens deze serene actie stonden we stil bij&hellip;\" \/>\n<meta property=\"og:url\" content=\"https:\/\/biteback.be\/fr\/wake-voor-de-slachtoffers-van-de-dierindustrie-leuven\/\" \/>\n<meta property=\"og:site_name\" content=\"Bite Back\" \/>\n<meta property=\"article:published_time\" content=\"2024-01-17T14:27:55+00:00\" \/>\n<meta property=\"article:modified_time\" content=\"2024-02-25T14:31:36+00:00\" \/>\n<meta property=\"og:image\" content=\"https:\/\/i0.wp.com\/biteback.be\/wp-content\/uploads\/2024\/01\/IMG_8429.jpeg?fit=854%2C1280&ssl=1\" \/>\n\t<meta property=\"og:image:width\" content=\"854\" \/>\n\t<meta property=\"og:image:height\" content=\"1280\" \/>\n\t<meta property=\"og:image:type\" content=\"image\/jpeg\" \/>\n<meta name=\"author\" content=\"Anthe Lain\u00e9\" \/>\n<meta name=\"twitter:card\" content=\"summary_large_image\" \/>\n<meta name=\"twitter:label1\" content=\"\u00c9crit par\" \/>\n\t<meta name=\"twitter:data1\" content=\"Anthe Lain\u00e9\" \/>\n\t<meta name=\"twitter:label2\" content=\"Dur\u00e9e de lecture est.\" \/>\n\t<meta name=\"twitter:data2\" content=\"3 minutes\" \/>\n<script type=\"application\/ld+json\" class=\"yoast-schema-graph\">{\"@context\":\"https:\\\/\\\/schema.org\",\"@graph\":[{\"@type\":\"Article\",\"@id\":\"https:\\\/\\\/biteback.be\\\/wake-voor-de-slachtoffers-van-de-dierindustrie-leuven\\\/#article\",\"isPartOf\":{\"@id\":\"https:\\\/\\\/biteback.be\\\/wake-voor-de-slachtoffers-van-de-dierindustrie-leuven\\\/\"},\"author\":{\"name\":\"Anthe Lain\u00e9\",\"@id\":\"https:\\\/\\\/biteback.be\\\/#\\\/schema\\\/person\\\/3732d0b3d52888bc1f2faad7aeec39fd\"},\"headline\":\"Wake voor de Slachtoffers van de Dierindustrie | Leuven\",\"datePublished\":\"2024-01-17T14:27:55+00:00\",\"dateModified\":\"2024-02-25T14:31:36+00:00\",\"mainEntityOfPage\":{\"@id\":\"https:\\\/\\\/biteback.be\\\/wake-voor-de-slachtoffers-van-de-dierindustrie-leuven\\\/\"},\"wordCount\":428,\"publisher\":{\"@id\":\"https:\\\/\\\/biteback.be\\\/#organization\"},\"image\":{\"@id\":\"https:\\\/\\\/biteback.be\\\/wake-voor-de-slachtoffers-van-de-dierindustrie-leuven\\\/#primaryimage\"},\"thumbnailUrl\":\"https:\\\/\\\/i0.wp.com\\\/biteback.be\\\/wp-content\\\/uploads\\\/2024\\\/01\\\/IMG_8429.jpeg?fit=854%2C1280&ssl=1\",\"articleSection\":[\"Stop de Dierindustrie\"],\"inLanguage\":\"fr-BE\"},{\"@type\":\"WebPage\",\"@id\":\"https:\\\/\\\/biteback.be\\\/wake-voor-de-slachtoffers-van-de-dierindustrie-leuven\\\/\",\"url\":\"https:\\\/\\\/biteback.be\\\/wake-voor-de-slachtoffers-van-de-dierindustrie-leuven\\\/\",\"name\":\"Wake voor de Slachtoffers van de Dierindustrie | Leuven - Bite Back\",\"isPartOf\":{\"@id\":\"https:\\\/\\\/biteback.be\\\/#website\"},\"primaryImageOfPage\":{\"@id\":\"https:\\\/\\\/biteback.be\\\/wake-voor-de-slachtoffers-van-de-dierindustrie-leuven\\\/#primaryimage\"},\"image\":{\"@id\":\"https:\\\/\\\/biteback.be\\\/wake-voor-de-slachtoffers-van-de-dierindustrie-leuven\\\/#primaryimage\"},\"thumbnailUrl\":\"https:\\\/\\\/i0.wp.com\\\/biteback.be\\\/wp-content\\\/uploads\\\/2024\\\/01\\\/IMG_8429.jpeg?fit=854%2C1280&ssl=1\",\"datePublished\":\"2024-01-17T14:27:55+00:00\",\"dateModified\":\"2024-02-25T14:31:36+00:00\",\"breadcrumb\":{\"@id\":\"https:\\\/\\\/biteback.be\\\/wake-voor-de-slachtoffers-van-de-dierindustrie-leuven\\\/#breadcrumb\"},\"inLanguage\":\"fr-BE\",\"potentialAction\":[{\"@type\":\"ReadAction\",\"target\":[\"https:\\\/\\\/biteback.be\\\/wake-voor-de-slachtoffers-van-de-dierindustrie-leuven\\\/\"]}]},{\"@type\":\"ImageObject\",\"inLanguage\":\"fr-BE\",\"@id\":\"https:\\\/\\\/biteback.be\\\/wake-voor-de-slachtoffers-van-de-dierindustrie-leuven\\\/#primaryimage\",\"url\":\"https:\\\/\\\/i0.wp.com\\\/biteback.be\\\/wp-content\\\/uploads\\\/2024\\\/01\\\/IMG_8429.jpeg?fit=854%2C1280&ssl=1\",\"contentUrl\":\"https:\\\/\\\/i0.wp.com\\\/biteback.be\\\/wp-content\\\/uploads\\\/2024\\\/01\\\/IMG_8429.jpeg?fit=854%2C1280&ssl=1\",\"width\":854,\"height\":1280},{\"@type\":\"BreadcrumbList\",\"@id\":\"https:\\\/\\\/biteback.be\\\/wake-voor-de-slachtoffers-van-de-dierindustrie-leuven\\\/#breadcrumb\",\"itemListElement\":[{\"@type\":\"ListItem\",\"position\":1,\"name\":\"Home\",\"item\":\"https:\\\/\\\/biteback.be\\\/\"},{\"@type\":\"ListItem\",\"position\":2,\"name\":\"Wake voor de Slachtoffers van de Dierindustrie | Leuven\"}]},{\"@type\":\"WebSite\",\"@id\":\"https:\\\/\\\/biteback.be\\\/#website\",\"url\":\"https:\\\/\\\/biteback.be\\\/\",\"name\":\"Bite Back\",\"description\":\"Bite Back - Dierenrechtenorganisatie\",\"publisher\":{\"@id\":\"https:\\\/\\\/biteback.be\\\/#organization\"},\"potentialAction\":[{\"@type\":\"SearchAction\",\"target\":{\"@type\":\"EntryPoint\",\"urlTemplate\":\"https:\\\/\\\/biteback.be\\\/?s={search_term_string}\"},\"query-input\":{\"@type\":\"PropertyValueSpecification\",\"valueRequired\":true,\"valueName\":\"search_term_string\"}}],\"inLanguage\":\"fr-BE\"},{\"@type\":\"Organization\",\"@id\":\"https:\\\/\\\/biteback.be\\\/#organization\",\"name\":\"Bite Back\",\"url\":\"https:\\\/\\\/biteback.be\\\/\",\"logo\":{\"@type\":\"ImageObject\",\"inLanguage\":\"fr-BE\",\"@id\":\"https:\\\/\\\/biteback.be\\\/#\\\/schema\\\/logo\\\/image\\\/\",\"url\":\"https:\\\/\\\/i0.wp.com\\\/biteback.be\\\/wp-content\\\/uploads\\\/2023\\\/09\\\/bite-back-logo-1.jpg?fit=212%2C80&ssl=1\",\"contentUrl\":\"https:\\\/\\\/i0.wp.com\\\/biteback.be\\\/wp-content\\\/uploads\\\/2023\\\/09\\\/bite-back-logo-1.jpg?fit=212%2C80&ssl=1\",\"width\":212,\"height\":80,\"caption\":\"Bite Back\"},\"image\":{\"@id\":\"https:\\\/\\\/biteback.be\\\/#\\\/schema\\\/logo\\\/image\\\/\"}},{\"@type\":\"Person\",\"@id\":\"https:\\\/\\\/biteback.be\\\/#\\\/schema\\\/person\\\/3732d0b3d52888bc1f2faad7aeec39fd\",\"name\":\"Anthe Lain\u00e9\",\"url\":\"https:\\\/\\\/biteback.be\\\/fr\\\/author\\\/anthe\\\/\"}]}<\/script>\n<!-- \/ Yoast SEO plugin. -->","yoast_head_json":{"title":"Wake voor de Slachtoffers van de Dierindustrie | Leuven - Bite Back","robots":{"index":"index","follow":"follow","max-snippet":"max-snippet:-1","max-image-preview":"max-image-preview:large","max-video-preview":"max-video-preview:-1"},"canonical":"https:\/\/biteback.be\/fr\/wake-voor-de-slachtoffers-van-de-dierindustrie-leuven\/","og_locale":"fr_FR","og_type":"article","og_title":"Wake voor de Slachtoffers van de Dierindustrie | Leuven - Bite Back","og_description":"Stille wake in Leuven herdenkt slachtoffers dierindustrie. Eind december kwamen in Leuven 50 activisten samen voor een stille wake voor de slachtoffers van de dierindustrie. Tijdens deze serene actie stonden we stil bij&hellip;","og_url":"https:\/\/biteback.be\/fr\/wake-voor-de-slachtoffers-van-de-dierindustrie-leuven\/","og_site_name":"Bite Back","article_published_time":"2024-01-17T14:27:55+00:00","article_modified_time":"2024-02-25T14:31:36+00:00","og_image":[{"width":854,"height":1280,"url":"https:\/\/i0.wp.com\/biteback.be\/wp-content\/uploads\/2024\/01\/IMG_8429.jpeg?fit=854%2C1280&ssl=1","type":"image\/jpeg"}],"author":"Anthe Lain\u00e9","twitter_card":"summary_large_image","twitter_misc":{"\u00c9crit par":"Anthe Lain\u00e9","Dur\u00e9e de lecture est.":"3 minutes"},"schema":{"@context":"https:\/\/schema.org","@graph":[{"@type":"Article","@id":"https:\/\/biteback.be\/wake-voor-de-slachtoffers-van-de-dierindustrie-leuven\/#article","isPartOf":{"@id":"https:\/\/biteback.be\/wake-voor-de-slachtoffers-van-de-dierindustrie-leuven\/"},"author":{"name":"Anthe Lain\u00e9","@id":"https:\/\/biteback.be\/#\/schema\/person\/3732d0b3d52888bc1f2faad7aeec39fd"},"headline":"Wake voor de Slachtoffers van de Dierindustrie | Leuven","datePublished":"2024-01-17T14:27:55+00:00","dateModified":"2024-02-25T14:31:36+00:00","mainEntityOfPage":{"@id":"https:\/\/biteback.be\/wake-voor-de-slachtoffers-van-de-dierindustrie-leuven\/"},"wordCount":428,"publisher":{"@id":"https:\/\/biteback.be\/#organization"},"image":{"@id":"https:\/\/biteback.be\/wake-voor-de-slachtoffers-van-de-dierindustrie-leuven\/#primaryimage"},"thumbnailUrl":"https:\/\/i0.wp.com\/biteback.be\/wp-content\/uploads\/2024\/01\/IMG_8429.jpeg?fit=854%2C1280&ssl=1","articleSection":["Stop de Dierindustrie"],"inLanguage":"fr-BE"},{"@type":"WebPage","@id":"https:\/\/biteback.be\/wake-voor-de-slachtoffers-van-de-dierindustrie-leuven\/","url":"https:\/\/biteback.be\/wake-voor-de-slachtoffers-van-de-dierindustrie-leuven\/","name":"Wake voor de Slachtoffers van de Dierindustrie | Leuven - Bite Back","isPartOf":{"@id":"https:\/\/biteback.be\/#website"},"primaryImageOfPage":{"@id":"https:\/\/biteback.be\/wake-voor-de-slachtoffers-van-de-dierindustrie-leuven\/#primaryimage"},"image":{"@id":"https:\/\/biteback.be\/wake-voor-de-slachtoffers-van-de-dierindustrie-leuven\/#primaryimage"},"thumbnailUrl":"https:\/\/i0.wp.com\/biteback.be\/wp-content\/uploads\/2024\/01\/IMG_8429.jpeg?fit=854%2C1280&ssl=1","datePublished":"2024-01-17T14:27:55+00:00","dateModified":"2024-02-25T14:31:36+00:00","breadcrumb":{"@id":"https:\/\/biteback.be\/wake-voor-de-slachtoffers-van-de-dierindustrie-leuven\/#breadcrumb"},"inLanguage":"fr-BE","potentialAction":[{"@type":"ReadAction","target":["https:\/\/biteback.be\/wake-voor-de-slachtoffers-van-de-dierindustrie-leuven\/"]}]},{"@type":"ImageObject","inLanguage":"fr-BE","@id":"https:\/\/biteback.be\/wake-voor-de-slachtoffers-van-de-dierindustrie-leuven\/#primaryimage","url":"https:\/\/i0.wp.com\/biteback.be\/wp-content\/uploads\/2024\/01\/IMG_8429.jpeg?fit=854%2C1280&ssl=1","contentUrl":"https:\/\/i0.wp.com\/biteback.be\/wp-content\/uploads\/2024\/01\/IMG_8429.jpeg?fit=854%2C1280&ssl=1","width":854,"height":1280},{"@type":"BreadcrumbList","@id":"https:\/\/biteback.be\/wake-voor-de-slachtoffers-van-de-dierindustrie-leuven\/#breadcrumb","itemListElement":[{"@type":"ListItem","position":1,"name":"Home","item":"https:\/\/biteback.be\/"},{"@type":"ListItem","position":2,"name":"Wake voor de Slachtoffers van de Dierindustrie | Leuven"}]},{"@type":"WebSite","@id":"https:\/\/biteback.be\/#website","url":"https:\/\/biteback.be\/","name":"Bite Back","description":"Bite Back - Dierenrechtenorganisatie","publisher":{"@id":"https:\/\/biteback.be\/#organization"},"potentialAction":[{"@type":"SearchAction","target":{"@type":"EntryPoint","urlTemplate":"https:\/\/biteback.be\/?s={search_term_string}"},"query-input":{"@type":"PropertyValueSpecification","valueRequired":true,"valueName":"search_term_string"}}],"inLanguage":"fr-BE"},{"@type":"Organization","@id":"https:\/\/biteback.be\/#organization","name":"Bite Back","url":"https:\/\/biteback.be\/","logo":{"@type":"ImageObject","inLanguage":"fr-BE","@id":"https:\/\/biteback.be\/#\/schema\/logo\/image\/","url":"https:\/\/i0.wp.com\/biteback.be\/wp-content\/uploads\/2023\/09\/bite-back-logo-1.jpg?fit=212%2C80&ssl=1","contentUrl":"https:\/\/i0.wp.com\/biteback.be\/wp-content\/uploads\/2023\/09\/bite-back-logo-1.jpg?fit=212%2C80&ssl=1","width":212,"height":80,"caption":"Bite Back"},"image":{"@id":"https:\/\/biteback.be\/#\/schema\/logo\/image\/"}},{"@type":"Person","@id":"https:\/\/biteback.be\/#\/schema\/person\/3732d0b3d52888bc1f2faad7aeec39fd","name":"Anthe Lain\u00e9","url":"https:\/\/biteback.be\/fr\/author\/anthe\/"}]}},"jetpack_featured_media_url":"https:\/\/i0.wp.com\/biteback.be\/wp-content\/uploads\/2024\/01\/IMG_8429.jpeg?fit=854%2C1280&ssl=1","jetpack_sharing_enabled":true,"jetpack-related-posts":[],"jetpack_shortlink":"https:\/\/wp.me\/pf4e0W-k3A","_links":{"self":[{"href":"https:\/\/biteback.be\/fr\/wp-json\/wp\/v2\/posts\/77102","targetHints":{"allow":["GET"]}}],"collection":[{"href":"https:\/\/biteback.be\/fr\/wp-json\/wp\/v2\/posts"}],"about":[{"href":"https:\/\/biteback.be\/fr\/wp-json\/wp\/v2\/types\/post"}],"author":[{"embeddable":true,"href":"https:\/\/biteback.be\/fr\/wp-json\/wp\/v2\/users\/4"}],"replies":[{"embeddable":true,"href":"https:\/\/biteback.be\/fr\/wp-json\/wp\/v2\/comments?post=77102"}],"version-history":[{"count":0,"href":"https:\/\/biteback.be\/fr\/wp-json\/wp\/v2\/posts\/77102\/revisions"}],"wp:featuredmedia":[{"embeddable":true,"href":"https:\/\/biteback.be\/fr\/wp-json\/wp\/v2\/media\/77117"}],"wp:attachment":[{"href":"https:\/\/biteback.be\/fr\/wp-json\/wp\/v2\/media?parent=77102"}],"wp:term":[{"taxonomy":"category","embeddable":true,"href":"https:\/\/biteback.be\/fr\/wp-json\/wp\/v2\/categories?post=77102"},{"taxonomy":"post_tag","embeddable":true,"href":"https:\/\/biteback.be\/fr\/wp-json\/wp\/v2\/tags?post=77102"}],"curies":[{"name":"wp","href":"https:\/\/api.w.org\/{rel}","templated":true}]}}