{"id":76633,"date":"2023-10-08T11:07:12","date_gmt":"2023-10-08T10:07:12","guid":{"rendered":"https:\/\/biteback.be\/?p=76633"},"modified":"2024-02-21T10:39:12","modified_gmt":"2024-02-21T09:39:12","slug":"bite-back-op-dierendag-in-genk","status":"publish","type":"post","link":"https:\/\/biteback.be\/fr\/bite-back-op-dierendag-in-genk\/","title":{"rendered":"Bite Back op Dierendag in Genk!"},"content":{"rendered":"<p><strong>Op woensdag 4 oktober stond team Bite Back op de allereerste editie van Werelddierendag in Genk, een initiatief van collectief Beestig Genk. Die organisatie bundelt alle zaken, diensten en vzw&#8217;s in en rond Genk die iets met dieren te maken hebben. Wij kwamen de Genkenaren informeren over onze werking en voorzagen een kort vraagspel voor kinderen.<\/strong><strong>De Bite Back info-stand stond vorige week Werelddierendag in Genk.<\/strong> Daar verkochten we boeken en merchandise en gingen we gesprekken aan met bezoekers. We werden geflankeerd door onze vriendinnen van <a href=\"https:\/\/forrestandfriends.be\/\" target=\"_blank\" rel=\"noopener\">Forrest &amp; Friends<\/a> en er was heerlijk vegan gebak, voorzien door <a href=\"https:\/\/www.maukattencafe.com\/\" target=\"_blank\" rel=\"noopener\">Mau Kattencaf\u00e9<\/a>.<\/p>\n<p>We namen voor de eerste keer onze <strong>nieuwe <a href=\"https:\/\/biteback.be\/fr\/petitie-stop-de-subsidiering-van-de-dierindustrie\/\">p\u00e9tition<\/a><\/strong> mee die vraagt om een einde aan de subsidiestroom voor de dierindustrie. Hij werd gretig getekend en vormde een aanknopingspunt voor gesprekken met passanten.<\/p>\n<p>&nbsp;<\/p>\n<p><img data-recalc-dims=\"1\" fetchpriority=\"high\" decoding=\"async\" class=\"aligncenter size-full wp-image-76654\" src=\"https:\/\/i0.wp.com\/biteback.be\/wp-content\/uploads\/2023\/10\/IMG_3239.jpg?resize=1170%2C1560&#038;ssl=1\" alt=\"\" width=\"1170\" height=\"1560\" srcset=\"https:\/\/i0.wp.com\/biteback.be\/wp-content\/uploads\/2023\/10\/IMG_3239.jpg?w=1512&amp;ssl=1 1512w, https:\/\/i0.wp.com\/biteback.be\/wp-content\/uploads\/2023\/10\/IMG_3239.jpg?resize=225%2C300&amp;ssl=1 225w, https:\/\/i0.wp.com\/biteback.be\/wp-content\/uploads\/2023\/10\/IMG_3239.jpg?resize=768%2C1024&amp;ssl=1 768w, https:\/\/i0.wp.com\/biteback.be\/wp-content\/uploads\/2023\/10\/IMG_3239.jpg?resize=1152%2C1536&amp;ssl=1 1152w, https:\/\/i0.wp.com\/biteback.be\/wp-content\/uploads\/2023\/10\/IMG_3239.jpg?resize=370%2C493&amp;ssl=1 370w, https:\/\/i0.wp.com\/biteback.be\/wp-content\/uploads\/2023\/10\/IMG_3239.jpg?resize=770%2C1027&amp;ssl=1 770w, https:\/\/i0.wp.com\/biteback.be\/wp-content\/uploads\/2023\/10\/IMG_3239.jpg?resize=1170%2C1560&amp;ssl=1 1170w\" sizes=\"(max-width: 1170px) 100vw, 1170px\" \/><\/p>\n<p>&nbsp;<\/p>\n<p>Omdat het evenement op woensdagnamiddag plaatsvond &#8211; en omdat de toekomstige generatie van onverwaarloosbaar belang is &#8211; werd er extra aandacht geschonken aan de <strong>kinderen<\/strong>. Beestig Genk voorzag een stempelkaart voor elk kind en vroeg de aanwezige standhouders om een kleine opdracht of vraag te verzinnen die iets met dieren te maken had.<\/p>\n<p>Om <strong>kinderen<\/strong> op een <strong>speelse<\/strong>, niet-shockerende manier iets bij te leren over de schrijnende omstandigheden in de <strong>dierindustrie<\/strong>, tekenden we rechthoeken van verschillende groottes op de grond in krijt. We gingen met hen in gesprek over kippen; of ze die misschien thuis hadden, of ze al eens van dichtbij een kip gezien &#8211; of zelfs geaaid &#8211; hadden. Of ze wisten hoe groot een kip was en wat kippen zoal graag doen ( &#8211; scharrelen, klimmen, stofbaden nemen&#8230;). Uiteindelijk vroegen we hen hoe veel ruimte een kip in een grote kippenstal kreeg; kinderen konden dan in\/bij de rechthoek gaan staan die volgens hen voldeed. Wanneer ze &#8211; terecht &#8211; kozen voor het grootste vak, hadden we de kans om uit te leggen dat kippen echter heel weinig plaats krijgen in de eierindustrie, en dat ze daar niet kunnen leven zoals kippen in de tuin of kippen &#8216;in het wild&#8217;.<\/p>\n<p>&nbsp;<\/p>\n<p><strong><img data-recalc-dims=\"1\" decoding=\"async\" class=\"aligncenter size-full wp-image-76636\" src=\"https:\/\/i0.wp.com\/biteback.be\/wp-content\/uploads\/2023\/10\/IMG_3227.jpg?resize=1170%2C1560&#038;ssl=1\" alt=\"\" width=\"1170\" height=\"1560\" srcset=\"https:\/\/i0.wp.com\/biteback.be\/wp-content\/uploads\/2023\/10\/IMG_3227.jpg?w=1179&amp;ssl=1 1179w, https:\/\/i0.wp.com\/biteback.be\/wp-content\/uploads\/2023\/10\/IMG_3227.jpg?resize=225%2C300&amp;ssl=1 225w, https:\/\/i0.wp.com\/biteback.be\/wp-content\/uploads\/2023\/10\/IMG_3227.jpg?resize=768%2C1024&amp;ssl=1 768w, https:\/\/i0.wp.com\/biteback.be\/wp-content\/uploads\/2023\/10\/IMG_3227.jpg?resize=1152%2C1536&amp;ssl=1 1152w, https:\/\/i0.wp.com\/biteback.be\/wp-content\/uploads\/2023\/10\/IMG_3227.jpg?resize=370%2C493&amp;ssl=1 370w, https:\/\/i0.wp.com\/biteback.be\/wp-content\/uploads\/2023\/10\/IMG_3227.jpg?resize=770%2C1027&amp;ssl=1 770w, https:\/\/i0.wp.com\/biteback.be\/wp-content\/uploads\/2023\/10\/IMG_3227.jpg?resize=1170%2C1560&amp;ssl=1 1170w\" sizes=\"(max-width: 1170px) 100vw, 1170px\" \/><\/strong><\/p>\n<p>&nbsp;<\/p>\n<h3><strong>Wil je graag meer weten over kippen?<\/strong><\/h3>\n<p><a href=\"https:\/\/biteback.be\/fr\/dieren\/kippen\/\">Hier vind je onze informatieve pagina<\/a> over kippen. <a href=\"https:\/\/biteback.be\/fr\/waarom-eten-we-geen-ei\/\">Ici<\/a> vind je een interessant blogbericht over waarom vegans geen eieren eten en <a href=\"https:\/\/biteback.be\/fr\/eieren-van-vrije-uitloop-en-biologische-eieren-beter-of-niet\/\">ici<\/a> lees je meer over kippen in verschillende soorten systemen.<\/p>\n<blockquote><p>&nbsp;<\/p><\/blockquote>\n<h3>Wil je graag helpen bij de educatieve werking van Bite Back?<\/h3>\n<p>Iedereen die wil helpen bij het cre\u00ebren van lespakketten, het contacteren van partners, het uitwerken van oefeningen&#8230; is meer dan welkom! Stuur een mailtje naar <a href=\"mailto:vrijwilligers@biteback.org\">vrijwilligers@biteback.org<\/a> als je meer info wilt krijgen over educatie bij Bite Back.<\/p>\n<blockquote><p>&nbsp;<\/p><\/blockquote>\n<h3>Merci!<\/h3>\n<p><strong>Merci<\/strong> aan vrijwilligers Melissa en Will om mee te helpen bij het uitbaten en opruimen van de stand!<\/p>\n<p><strong>Merci<\/strong> aan Beestig Genk om ons uit te nodigen.<\/p>\n<h3>ET MAINTENANT?<\/h3>\n<p>Vragen over helpen achter standen kan je richten aan <a href=\"mailto:vrijwilligers@biteback.org\">vrijwilligers@biteback.org<\/a>. Overige vragen mogen steeds naar <a href=\"mailto:info@biteback.org\">info@biteback.org<\/a> gestuurd worden.<\/p>\n<p>Eind oktober vind je de Bite Back stand nog terug op <a href=\"https:\/\/veganafairs.be\/\" target=\"_blank\" rel=\"noopener\">Vegan A&#8217;Fairs<\/a> (Brugge).<span style=\"font-weight: 400;\">Bite Back d\u00e9fend les animaux avec succ\u00e8s depuis 20 ans. Si nous voulons continuer \u00e0 nous battre pour les droits des animaux, nous devons continuer \u00e0 recevoir des fonds. Vous pouvez nous aider en<a href=\"https:\/\/biteback.be\/fr\/help-ons\/doe-een-donatie\/\"> faisant un don.<\/a> Vous pouvez <a href=\"https:\/\/biteback.be\/fr\/help-ons\/word-lid\/\">devenir memebre<\/a>qui consiste \u00e0 verser un montant mensuel\/annuel. <\/span><\/p>","protected":false},"excerpt":{"rendered":"<p>Op woensdag 4 oktober stond team Bite Back op de allereerste editie van Werelddierendag in Genk, een initiatief van collectief Beestig Genk. Die organisatie bundelt alle zaken, diensten en vzw&#8217;s in en rond&hellip;<\/p>","protected":false},"author":4,"featured_media":76651,"comment_status":"open","ping_status":"open","sticky":false,"template":"","format":"standard","meta":{"_jetpack_memberships_contains_paid_content":false,"footnotes":""},"categories":[1,52],"tags":[],"class_list":["post-76633","post","type-post","status-publish","format-standard","has-post-thumbnail","hentry","category-alle-nieuwsberichten","category-dolfijnen-vrij"],"yoast_head":"<!-- This site is optimized with the Yoast SEO plugin v27.5 - https:\/\/yoast.com\/product\/yoast-seo-wordpress\/ -->\n<title>Bite Back op Dierendag in Genk! - Bite Back<\/title>\n<meta name=\"robots\" content=\"index, follow, max-snippet:-1, max-image-preview:large, max-video-preview:-1\" \/>\n<link rel=\"canonical\" href=\"https:\/\/biteback.be\/fr\/bite-back-op-dierendag-in-genk\/\" \/>\n<meta property=\"og:locale\" content=\"fr_FR\" \/>\n<meta property=\"og:type\" content=\"article\" \/>\n<meta property=\"og:title\" content=\"Bite Back op Dierendag in Genk! - Bite Back\" \/>\n<meta property=\"og:description\" content=\"Op woensdag 4 oktober stond team Bite Back op de allereerste editie van Werelddierendag in Genk, een initiatief van collectief Beestig Genk. Die organisatie bundelt alle zaken, diensten en vzw&#8217;s in en rond&hellip;\" \/>\n<meta property=\"og:url\" content=\"https:\/\/biteback.be\/fr\/bite-back-op-dierendag-in-genk\/\" \/>\n<meta property=\"og:site_name\" content=\"Bite Back\" \/>\n<meta property=\"article:published_time\" content=\"2023-10-08T10:07:12+00:00\" \/>\n<meta property=\"article:modified_time\" content=\"2024-02-21T09:39:12+00:00\" \/>\n<meta property=\"og:image\" content=\"https:\/\/i0.wp.com\/biteback.be\/wp-content\/uploads\/2023\/10\/IMG_3237.jpg?fit=1512%2C2016&ssl=1\" \/>\n\t<meta property=\"og:image:width\" content=\"1512\" \/>\n\t<meta property=\"og:image:height\" content=\"2016\" \/>\n\t<meta property=\"og:image:type\" content=\"image\/jpeg\" \/>\n<meta name=\"author\" content=\"Anthe Lain\u00e9\" \/>\n<meta name=\"twitter:card\" content=\"summary_large_image\" \/>\n<meta name=\"twitter:label1\" content=\"\u00c9crit par\" \/>\n\t<meta name=\"twitter:data1\" content=\"Anthe Lain\u00e9\" \/>\n\t<meta name=\"twitter:label2\" content=\"Dur\u00e9e de lecture est.\" \/>\n\t<meta name=\"twitter:data2\" content=\"4 minutes\" \/>\n<script type=\"application\/ld+json\" class=\"yoast-schema-graph\">{\"@context\":\"https:\\\/\\\/schema.org\",\"@graph\":[{\"@type\":\"Article\",\"@id\":\"https:\\\/\\\/biteback.be\\\/bite-back-op-dierendag-in-genk\\\/#article\",\"isPartOf\":{\"@id\":\"https:\\\/\\\/biteback.be\\\/bite-back-op-dierendag-in-genk\\\/\"},\"author\":{\"name\":\"Anthe Lain\u00e9\",\"@id\":\"https:\\\/\\\/biteback.be\\\/#\\\/schema\\\/person\\\/3732d0b3d52888bc1f2faad7aeec39fd\"},\"headline\":\"Bite Back op Dierendag in Genk!\",\"datePublished\":\"2023-10-08T10:07:12+00:00\",\"dateModified\":\"2024-02-21T09:39:12+00:00\",\"mainEntityOfPage\":{\"@id\":\"https:\\\/\\\/biteback.be\\\/bite-back-op-dierendag-in-genk\\\/\"},\"wordCount\":549,\"commentCount\":0,\"publisher\":{\"@id\":\"https:\\\/\\\/biteback.be\\\/#organization\"},\"image\":{\"@id\":\"https:\\\/\\\/biteback.be\\\/bite-back-op-dierendag-in-genk\\\/#primaryimage\"},\"thumbnailUrl\":\"https:\\\/\\\/i0.wp.com\\\/biteback.be\\\/wp-content\\\/uploads\\\/2023\\\/10\\\/IMG_3237.jpg?fit=1512%2C2016&ssl=1\",\"articleSection\":[\"Alle berichten\",\"Dolfijnen Vrij\"],\"inLanguage\":\"fr-BE\",\"potentialAction\":[{\"@type\":\"CommentAction\",\"name\":\"Comment\",\"target\":[\"https:\\\/\\\/biteback.be\\\/bite-back-op-dierendag-in-genk\\\/#respond\"]}]},{\"@type\":\"WebPage\",\"@id\":\"https:\\\/\\\/biteback.be\\\/bite-back-op-dierendag-in-genk\\\/\",\"url\":\"https:\\\/\\\/biteback.be\\\/bite-back-op-dierendag-in-genk\\\/\",\"name\":\"Bite Back op Dierendag in Genk! - Bite Back\",\"isPartOf\":{\"@id\":\"https:\\\/\\\/biteback.be\\\/#website\"},\"primaryImageOfPage\":{\"@id\":\"https:\\\/\\\/biteback.be\\\/bite-back-op-dierendag-in-genk\\\/#primaryimage\"},\"image\":{\"@id\":\"https:\\\/\\\/biteback.be\\\/bite-back-op-dierendag-in-genk\\\/#primaryimage\"},\"thumbnailUrl\":\"https:\\\/\\\/i0.wp.com\\\/biteback.be\\\/wp-content\\\/uploads\\\/2023\\\/10\\\/IMG_3237.jpg?fit=1512%2C2016&ssl=1\",\"datePublished\":\"2023-10-08T10:07:12+00:00\",\"dateModified\":\"2024-02-21T09:39:12+00:00\",\"breadcrumb\":{\"@id\":\"https:\\\/\\\/biteback.be\\\/bite-back-op-dierendag-in-genk\\\/#breadcrumb\"},\"inLanguage\":\"fr-BE\",\"potentialAction\":[{\"@type\":\"ReadAction\",\"target\":[\"https:\\\/\\\/biteback.be\\\/bite-back-op-dierendag-in-genk\\\/\"]}]},{\"@type\":\"ImageObject\",\"inLanguage\":\"fr-BE\",\"@id\":\"https:\\\/\\\/biteback.be\\\/bite-back-op-dierendag-in-genk\\\/#primaryimage\",\"url\":\"https:\\\/\\\/i0.wp.com\\\/biteback.be\\\/wp-content\\\/uploads\\\/2023\\\/10\\\/IMG_3237.jpg?fit=1512%2C2016&ssl=1\",\"contentUrl\":\"https:\\\/\\\/i0.wp.com\\\/biteback.be\\\/wp-content\\\/uploads\\\/2023\\\/10\\\/IMG_3237.jpg?fit=1512%2C2016&ssl=1\",\"width\":1512,\"height\":2016},{\"@type\":\"BreadcrumbList\",\"@id\":\"https:\\\/\\\/biteback.be\\\/bite-back-op-dierendag-in-genk\\\/#breadcrumb\",\"itemListElement\":[{\"@type\":\"ListItem\",\"position\":1,\"name\":\"Home\",\"item\":\"https:\\\/\\\/biteback.be\\\/\"},{\"@type\":\"ListItem\",\"position\":2,\"name\":\"Bite Back op Dierendag in Genk!\"}]},{\"@type\":\"WebSite\",\"@id\":\"https:\\\/\\\/biteback.be\\\/#website\",\"url\":\"https:\\\/\\\/biteback.be\\\/\",\"name\":\"Bite Back\",\"description\":\"Bite Back - Dierenrechtenorganisatie\",\"publisher\":{\"@id\":\"https:\\\/\\\/biteback.be\\\/#organization\"},\"potentialAction\":[{\"@type\":\"SearchAction\",\"target\":{\"@type\":\"EntryPoint\",\"urlTemplate\":\"https:\\\/\\\/biteback.be\\\/?s={search_term_string}\"},\"query-input\":{\"@type\":\"PropertyValueSpecification\",\"valueRequired\":true,\"valueName\":\"search_term_string\"}}],\"inLanguage\":\"fr-BE\"},{\"@type\":\"Organization\",\"@id\":\"https:\\\/\\\/biteback.be\\\/#organization\",\"name\":\"Bite Back\",\"url\":\"https:\\\/\\\/biteback.be\\\/\",\"logo\":{\"@type\":\"ImageObject\",\"inLanguage\":\"fr-BE\",\"@id\":\"https:\\\/\\\/biteback.be\\\/#\\\/schema\\\/logo\\\/image\\\/\",\"url\":\"https:\\\/\\\/i0.wp.com\\\/biteback.be\\\/wp-content\\\/uploads\\\/2023\\\/09\\\/bite-back-logo-1.jpg?fit=212%2C80&ssl=1\",\"contentUrl\":\"https:\\\/\\\/i0.wp.com\\\/biteback.be\\\/wp-content\\\/uploads\\\/2023\\\/09\\\/bite-back-logo-1.jpg?fit=212%2C80&ssl=1\",\"width\":212,\"height\":80,\"caption\":\"Bite Back\"},\"image\":{\"@id\":\"https:\\\/\\\/biteback.be\\\/#\\\/schema\\\/logo\\\/image\\\/\"}},{\"@type\":\"Person\",\"@id\":\"https:\\\/\\\/biteback.be\\\/#\\\/schema\\\/person\\\/3732d0b3d52888bc1f2faad7aeec39fd\",\"name\":\"Anthe Lain\u00e9\",\"url\":\"https:\\\/\\\/biteback.be\\\/fr\\\/author\\\/anthe\\\/\"}]}<\/script>\n<!-- \/ Yoast SEO plugin. -->","yoast_head_json":{"title":"Bite Back op Dierendag in Genk! - Bite Back","robots":{"index":"index","follow":"follow","max-snippet":"max-snippet:-1","max-image-preview":"max-image-preview:large","max-video-preview":"max-video-preview:-1"},"canonical":"https:\/\/biteback.be\/fr\/bite-back-op-dierendag-in-genk\/","og_locale":"fr_FR","og_type":"article","og_title":"Bite Back op Dierendag in Genk! - Bite Back","og_description":"Op woensdag 4 oktober stond team Bite Back op de allereerste editie van Werelddierendag in Genk, een initiatief van collectief Beestig Genk. Die organisatie bundelt alle zaken, diensten en vzw&#8217;s in en rond&hellip;","og_url":"https:\/\/biteback.be\/fr\/bite-back-op-dierendag-in-genk\/","og_site_name":"Bite Back","article_published_time":"2023-10-08T10:07:12+00:00","article_modified_time":"2024-02-21T09:39:12+00:00","og_image":[{"width":1512,"height":2016,"url":"https:\/\/i0.wp.com\/biteback.be\/wp-content\/uploads\/2023\/10\/IMG_3237.jpg?fit=1512%2C2016&ssl=1","type":"image\/jpeg"}],"author":"Anthe Lain\u00e9","twitter_card":"summary_large_image","twitter_misc":{"\u00c9crit par":"Anthe Lain\u00e9","Dur\u00e9e de lecture est.":"4 minutes"},"schema":{"@context":"https:\/\/schema.org","@graph":[{"@type":"Article","@id":"https:\/\/biteback.be\/bite-back-op-dierendag-in-genk\/#article","isPartOf":{"@id":"https:\/\/biteback.be\/bite-back-op-dierendag-in-genk\/"},"author":{"name":"Anthe Lain\u00e9","@id":"https:\/\/biteback.be\/#\/schema\/person\/3732d0b3d52888bc1f2faad7aeec39fd"},"headline":"Bite Back op Dierendag in Genk!","datePublished":"2023-10-08T10:07:12+00:00","dateModified":"2024-02-21T09:39:12+00:00","mainEntityOfPage":{"@id":"https:\/\/biteback.be\/bite-back-op-dierendag-in-genk\/"},"wordCount":549,"commentCount":0,"publisher":{"@id":"https:\/\/biteback.be\/#organization"},"image":{"@id":"https:\/\/biteback.be\/bite-back-op-dierendag-in-genk\/#primaryimage"},"thumbnailUrl":"https:\/\/i0.wp.com\/biteback.be\/wp-content\/uploads\/2023\/10\/IMG_3237.jpg?fit=1512%2C2016&ssl=1","articleSection":["Alle berichten","Dolfijnen Vrij"],"inLanguage":"fr-BE","potentialAction":[{"@type":"CommentAction","name":"Comment","target":["https:\/\/biteback.be\/bite-back-op-dierendag-in-genk\/#respond"]}]},{"@type":"WebPage","@id":"https:\/\/biteback.be\/bite-back-op-dierendag-in-genk\/","url":"https:\/\/biteback.be\/bite-back-op-dierendag-in-genk\/","name":"Bite Back op Dierendag in Genk! - Bite Back","isPartOf":{"@id":"https:\/\/biteback.be\/#website"},"primaryImageOfPage":{"@id":"https:\/\/biteback.be\/bite-back-op-dierendag-in-genk\/#primaryimage"},"image":{"@id":"https:\/\/biteback.be\/bite-back-op-dierendag-in-genk\/#primaryimage"},"thumbnailUrl":"https:\/\/i0.wp.com\/biteback.be\/wp-content\/uploads\/2023\/10\/IMG_3237.jpg?fit=1512%2C2016&ssl=1","datePublished":"2023-10-08T10:07:12+00:00","dateModified":"2024-02-21T09:39:12+00:00","breadcrumb":{"@id":"https:\/\/biteback.be\/bite-back-op-dierendag-in-genk\/#breadcrumb"},"inLanguage":"fr-BE","potentialAction":[{"@type":"ReadAction","target":["https:\/\/biteback.be\/bite-back-op-dierendag-in-genk\/"]}]},{"@type":"ImageObject","inLanguage":"fr-BE","@id":"https:\/\/biteback.be\/bite-back-op-dierendag-in-genk\/#primaryimage","url":"https:\/\/i0.wp.com\/biteback.be\/wp-content\/uploads\/2023\/10\/IMG_3237.jpg?fit=1512%2C2016&ssl=1","contentUrl":"https:\/\/i0.wp.com\/biteback.be\/wp-content\/uploads\/2023\/10\/IMG_3237.jpg?fit=1512%2C2016&ssl=1","width":1512,"height":2016},{"@type":"BreadcrumbList","@id":"https:\/\/biteback.be\/bite-back-op-dierendag-in-genk\/#breadcrumb","itemListElement":[{"@type":"ListItem","position":1,"name":"Home","item":"https:\/\/biteback.be\/"},{"@type":"ListItem","position":2,"name":"Bite Back op Dierendag in Genk!"}]},{"@type":"WebSite","@id":"https:\/\/biteback.be\/#website","url":"https:\/\/biteback.be\/","name":"Bite Back","description":"Bite Back - Dierenrechtenorganisatie","publisher":{"@id":"https:\/\/biteback.be\/#organization"},"potentialAction":[{"@type":"SearchAction","target":{"@type":"EntryPoint","urlTemplate":"https:\/\/biteback.be\/?s={search_term_string}"},"query-input":{"@type":"PropertyValueSpecification","valueRequired":true,"valueName":"search_term_string"}}],"inLanguage":"fr-BE"},{"@type":"Organization","@id":"https:\/\/biteback.be\/#organization","name":"Bite Back","url":"https:\/\/biteback.be\/","logo":{"@type":"ImageObject","inLanguage":"fr-BE","@id":"https:\/\/biteback.be\/#\/schema\/logo\/image\/","url":"https:\/\/i0.wp.com\/biteback.be\/wp-content\/uploads\/2023\/09\/bite-back-logo-1.jpg?fit=212%2C80&ssl=1","contentUrl":"https:\/\/i0.wp.com\/biteback.be\/wp-content\/uploads\/2023\/09\/bite-back-logo-1.jpg?fit=212%2C80&ssl=1","width":212,"height":80,"caption":"Bite Back"},"image":{"@id":"https:\/\/biteback.be\/#\/schema\/logo\/image\/"}},{"@type":"Person","@id":"https:\/\/biteback.be\/#\/schema\/person\/3732d0b3d52888bc1f2faad7aeec39fd","name":"Anthe Lain\u00e9","url":"https:\/\/biteback.be\/fr\/author\/anthe\/"}]}},"jetpack_featured_media_url":"https:\/\/i0.wp.com\/biteback.be\/wp-content\/uploads\/2023\/10\/IMG_3237.jpg?fit=1512%2C2016&ssl=1","jetpack_sharing_enabled":true,"jetpack-related-posts":[],"jetpack_shortlink":"https:\/\/wp.me\/pf4e0W-jW1","_links":{"self":[{"href":"https:\/\/biteback.be\/fr\/wp-json\/wp\/v2\/posts\/76633","targetHints":{"allow":["GET"]}}],"collection":[{"href":"https:\/\/biteback.be\/fr\/wp-json\/wp\/v2\/posts"}],"about":[{"href":"https:\/\/biteback.be\/fr\/wp-json\/wp\/v2\/types\/post"}],"author":[{"embeddable":true,"href":"https:\/\/biteback.be\/fr\/wp-json\/wp\/v2\/users\/4"}],"replies":[{"embeddable":true,"href":"https:\/\/biteback.be\/fr\/wp-json\/wp\/v2\/comments?post=76633"}],"version-history":[{"count":0,"href":"https:\/\/biteback.be\/fr\/wp-json\/wp\/v2\/posts\/76633\/revisions"}],"wp:featuredmedia":[{"embeddable":true,"href":"https:\/\/biteback.be\/fr\/wp-json\/wp\/v2\/media\/76651"}],"wp:attachment":[{"href":"https:\/\/biteback.be\/fr\/wp-json\/wp\/v2\/media?parent=76633"}],"wp:term":[{"taxonomy":"category","embeddable":true,"href":"https:\/\/biteback.be\/fr\/wp-json\/wp\/v2\/categories?post=76633"},{"taxonomy":"post_tag","embeddable":true,"href":"https:\/\/biteback.be\/fr\/wp-json\/wp\/v2\/tags?post=76633"}],"curies":[{"name":"wp","href":"https:\/\/api.w.org\/{rel}","templated":true}]}}