{"id":74190,"date":"2023-05-28T14:00:43","date_gmt":"2023-05-28T13:00:43","guid":{"rendered":"https:\/\/biteback.be\/?p=74190"},"modified":"2023-05-28T14:00:43","modified_gmt":"2023-05-28T13:00:43","slug":"mars-stop-de-dierindustrie-nog-3-weken-te-gaan","status":"publish","type":"post","link":"https:\/\/biteback.be\/fr\/mars-stop-de-dierindustrie-nog-3-weken-te-gaan\/","title":{"rendered":"Mars Stop de Dierindustrie &#8211; nog 3 weken te gaan!"},"content":{"rendered":"<h3><em>Wat willen wij? Alle dieren vrij!<\/em><\/h3>\n<p>Op 18 juni organiseert dierenrechtenorganisatie Bite Back de <a href=\"https:\/\/www.facebook.com\/events\/5564904020284794\/\">Mars Stop de Dierindustrie<\/a> in Brussel. We <span style=\"font-weight: 400;\">willen met deze mars de noden van de dieren in de kijker te zetten en oproepen voor dierenrechten.\u00a0<\/span><\/p>\n<p><span style=\"font-weight: 400;\">De doelen van Stop de Dierindustrie zijn duidelijk. <\/span><\/p>\n<p><span style=\"font-weight: 400;\">Op korte termijn:<\/span><\/p>\n<ul>\n<li><span style=\"font-weight: 400;\">tegenhouden van de bouw van nieuwe stallen en slachthuizen<\/span><\/li>\n<li><span style=\"font-weight: 400;\">een einde aan de subsidi\u00ebring van de dierindustrie<\/span><\/li>\n<\/ul>\n<p><span style=\"font-weight: 400;\">Op lange termijn:<\/span><\/p>\n<ul>\n<li><span style=\"font-weight: 400;\">rechten voor alle dieren<\/span><\/li>\n<li><span style=\"font-weight: 400;\"> een overschakeling van dierlijke naar plantaardige voedselproductie<\/span><\/li>\n<li><span style=\"font-weight: 400;\">meer subsidies naar plantaardige voeding (investeer in gezonde plantaardige voeding en help boeren om de omschakeling te maken)\u00a0<\/span><\/li>\n<li><span style=\"font-weight: 400;\">vrijgekomen land moet teruggaan naar de natuur en al haar inwoners<\/span><\/li>\n<\/ul>\n<p>&nbsp;<\/p>\n<h3><em>What do we want? Animal liberation!<\/em><\/h3>\n<p>On the 18th of June, animal rights organisation Bite Back will be organising the <a href=\"https:\/\/www.facebook.com\/events\/5564904020284794\/\">Stop the Animal Industry March<\/a> in Brussels. With this march we want to put the needs of animals in the spotlight and make a demand for animal rights.<\/p>\n<p>The goals of Stop the Animal Industry are clear.<\/p>\n<p><span style=\"font-weight: 400;\">Short term:<\/span><\/p>\n<ul>\n<li style=\"font-weight: 400;\" aria-level=\"1\"><span style=\"font-weight: 400;\">A ban on building new animal (factory) farms<\/span><\/li>\n<li style=\"font-weight: 400;\" aria-level=\"1\"><span style=\"font-weight: 400;\">No new slaughterhouses or expansions of slaughterhouses<\/span><\/li>\n<li style=\"font-weight: 400;\" aria-level=\"1\"><span style=\"font-weight: 400;\">No subsidies for the animal industry<\/span><\/li>\n<\/ul>\n<p><span style=\"font-weight: 400;\">Long term:<\/span><\/p>\n<ul>\n<li style=\"font-weight: 400;\" aria-level=\"1\"><span style=\"font-weight: 400;\">Rights for all animals<\/span><\/li>\n<li style=\"font-weight: 400;\" aria-level=\"1\"><span style=\"font-weight: 400;\">Switch from animal to plantbased food production<\/span><\/li>\n<li style=\"font-weight: 400;\" aria-level=\"1\"><span style=\"font-weight: 400;\">More subsidies for plantbased food: support existing vegan farmers, help farmers make the change, invest in healthy food<\/span><\/li>\n<li style=\"font-weight: 400;\" aria-level=\"1\"><span style=\"font-weight: 400;\">Giving land back to nature and its inhabitants.<\/span><\/li>\n<\/ul>\n<p>&nbsp;<\/p>\n<h3><em>Que voulons-nous ? La lib\u00e9ration des animaux !<\/em><\/h3>\n<p>Le 4 septembre, l&#8217;organisation de d\u00e9fense des animaux Bite Back organise la marche <a href=\"https:\/\/www.facebook.com\/events\/5564904020284794\/\">Stop \u00e0 l&#8217;Industrie Animale<\/a> \u00e0 Bruxelles. Avec cette marche, nous voulons mettre en avant les besoins des animaux et exiger des droits pour les animaux.<\/p>\n<p>Les objectifs de Stop \u00e0 l&#8217;Industrie Animale sont clairs.<\/p>\n<p>A court terme :<\/p>\n<ul>\n<li>Interdiction de construire de nouvelles fermes (industrielles) d&#8217; \u00e9levage d&#8217;animaux.<\/li>\n<li>Pas de nouveaux abattoirs ni d&#8217;agrandissement d&#8217;abattoirs.<\/li>\n<li>Pas de subventions pour l&#8217;industrie animale<\/li>\n<\/ul>\n<p>A long terme :<\/p>\n<ul>\n<li>Des droits pour tous les animaux<\/li>\n<li>Passage de la production d&#8217;aliments d&#8217;origine animale \u00e0 celle d&#8217;aliments d&#8217;origine v\u00e9g\u00e9tale<\/li>\n<li>Davantage de subventions pour les aliments d&#8217;origine v\u00e9g\u00e9tale : soutenir les agriculteurs v\u00e9g\u00e9taliens existants, aider les fermiers \u00e0 changer, investir dans une alimentation saine v\u00e9g\u00e9tale.<\/li>\n<li>Rendre la terre \u00e0 la nature et \u00e0 ses habitants.<\/li>\n<\/ul>","protected":false},"excerpt":{"rendered":"<p>Wat willen wij? Alle dieren vrij! Op 18 juni organiseert dierenrechtenorganisatie Bite Back de Mars Stop de Dierindustrie in Brussel. We willen met deze mars de noden van de dieren in de kijker&hellip;<\/p>","protected":false},"author":3,"featured_media":55414,"comment_status":"open","ping_status":"open","sticky":false,"template":"","format":"standard","meta":{"_jetpack_memberships_contains_paid_content":false,"footnotes":""},"categories":[54],"tags":[],"class_list":["post-74190","post","type-post","status-publish","format-standard","has-post-thumbnail","hentry","category-stop-de-dierindustrie"],"yoast_head":"<!-- This site is optimized with the Yoast SEO plugin v27.5 - https:\/\/yoast.com\/product\/yoast-seo-wordpress\/ -->\n<title>Mars Stop de Dierindustrie - nog 3 weken te gaan! - Bite Back<\/title>\n<meta name=\"robots\" content=\"index, follow, max-snippet:-1, max-image-preview:large, max-video-preview:-1\" \/>\n<link rel=\"canonical\" href=\"https:\/\/biteback.be\/fr\/mars-stop-de-dierindustrie-nog-3-weken-te-gaan\/\" \/>\n<meta property=\"og:locale\" content=\"fr_FR\" \/>\n<meta property=\"og:type\" content=\"article\" \/>\n<meta property=\"og:title\" content=\"Mars Stop de Dierindustrie - nog 3 weken te gaan! - Bite Back\" \/>\n<meta property=\"og:description\" content=\"Wat willen wij? Alle dieren vrij! Op 18 juni organiseert dierenrechtenorganisatie Bite Back de Mars Stop de Dierindustrie in Brussel. We willen met deze mars de noden van de dieren in de kijker&hellip;\" \/>\n<meta property=\"og:url\" content=\"https:\/\/biteback.be\/fr\/mars-stop-de-dierindustrie-nog-3-weken-te-gaan\/\" \/>\n<meta property=\"og:site_name\" content=\"Bite Back\" \/>\n<meta property=\"article:published_time\" content=\"2023-05-28T13:00:43+00:00\" \/>\n<meta property=\"og:image\" content=\"https:\/\/i0.wp.com\/biteback.be\/wp-content\/uploads\/2019\/06\/IMG_4248-e1653995576110.jpg?fit=1920%2C892&ssl=1\" \/>\n\t<meta property=\"og:image:width\" content=\"1920\" \/>\n\t<meta property=\"og:image:height\" content=\"892\" \/>\n\t<meta property=\"og:image:type\" content=\"image\/jpeg\" \/>\n<meta name=\"author\" content=\"Sara Surinx\" \/>\n<meta name=\"twitter:card\" content=\"summary_large_image\" \/>\n<meta name=\"twitter:label1\" content=\"\u00c9crit par\" \/>\n\t<meta name=\"twitter:data1\" content=\"Sara Surinx\" \/>\n\t<meta name=\"twitter:label2\" content=\"Dur\u00e9e de lecture est.\" \/>\n\t<meta name=\"twitter:data2\" content=\"2 minutes\" \/>\n<script type=\"application\/ld+json\" class=\"yoast-schema-graph\">{\"@context\":\"https:\\\/\\\/schema.org\",\"@graph\":[{\"@type\":\"Article\",\"@id\":\"https:\\\/\\\/biteback.be\\\/mars-stop-de-dierindustrie-nog-3-weken-te-gaan\\\/#article\",\"isPartOf\":{\"@id\":\"https:\\\/\\\/biteback.be\\\/mars-stop-de-dierindustrie-nog-3-weken-te-gaan\\\/\"},\"author\":{\"name\":\"Sara Surinx\",\"@id\":\"https:\\\/\\\/biteback.be\\\/#\\\/schema\\\/person\\\/d8b9611b10a6887c6d10ac2d6f176366\"},\"headline\":\"Mars Stop de Dierindustrie &#8211; nog 3 weken te gaan!\",\"datePublished\":\"2023-05-28T13:00:43+00:00\",\"mainEntityOfPage\":{\"@id\":\"https:\\\/\\\/biteback.be\\\/mars-stop-de-dierindustrie-nog-3-weken-te-gaan\\\/\"},\"wordCount\":388,\"commentCount\":0,\"publisher\":{\"@id\":\"https:\\\/\\\/biteback.be\\\/#organization\"},\"image\":{\"@id\":\"https:\\\/\\\/biteback.be\\\/mars-stop-de-dierindustrie-nog-3-weken-te-gaan\\\/#primaryimage\"},\"thumbnailUrl\":\"https:\\\/\\\/i0.wp.com\\\/biteback.be\\\/wp-content\\\/uploads\\\/2019\\\/06\\\/IMG_4248-e1653995576110.jpg?fit=1920%2C892&ssl=1\",\"articleSection\":[\"Stop de Dierindustrie\"],\"inLanguage\":\"fr-BE\",\"potentialAction\":[{\"@type\":\"CommentAction\",\"name\":\"Comment\",\"target\":[\"https:\\\/\\\/biteback.be\\\/mars-stop-de-dierindustrie-nog-3-weken-te-gaan\\\/#respond\"]}]},{\"@type\":\"WebPage\",\"@id\":\"https:\\\/\\\/biteback.be\\\/mars-stop-de-dierindustrie-nog-3-weken-te-gaan\\\/\",\"url\":\"https:\\\/\\\/biteback.be\\\/mars-stop-de-dierindustrie-nog-3-weken-te-gaan\\\/\",\"name\":\"Mars Stop de Dierindustrie - nog 3 weken te gaan! - Bite Back\",\"isPartOf\":{\"@id\":\"https:\\\/\\\/biteback.be\\\/#website\"},\"primaryImageOfPage\":{\"@id\":\"https:\\\/\\\/biteback.be\\\/mars-stop-de-dierindustrie-nog-3-weken-te-gaan\\\/#primaryimage\"},\"image\":{\"@id\":\"https:\\\/\\\/biteback.be\\\/mars-stop-de-dierindustrie-nog-3-weken-te-gaan\\\/#primaryimage\"},\"thumbnailUrl\":\"https:\\\/\\\/i0.wp.com\\\/biteback.be\\\/wp-content\\\/uploads\\\/2019\\\/06\\\/IMG_4248-e1653995576110.jpg?fit=1920%2C892&ssl=1\",\"datePublished\":\"2023-05-28T13:00:43+00:00\",\"breadcrumb\":{\"@id\":\"https:\\\/\\\/biteback.be\\\/mars-stop-de-dierindustrie-nog-3-weken-te-gaan\\\/#breadcrumb\"},\"inLanguage\":\"fr-BE\",\"potentialAction\":[{\"@type\":\"ReadAction\",\"target\":[\"https:\\\/\\\/biteback.be\\\/mars-stop-de-dierindustrie-nog-3-weken-te-gaan\\\/\"]}]},{\"@type\":\"ImageObject\",\"inLanguage\":\"fr-BE\",\"@id\":\"https:\\\/\\\/biteback.be\\\/mars-stop-de-dierindustrie-nog-3-weken-te-gaan\\\/#primaryimage\",\"url\":\"https:\\\/\\\/i0.wp.com\\\/biteback.be\\\/wp-content\\\/uploads\\\/2019\\\/06\\\/IMG_4248-e1653995576110.jpg?fit=1920%2C892&ssl=1\",\"contentUrl\":\"https:\\\/\\\/i0.wp.com\\\/biteback.be\\\/wp-content\\\/uploads\\\/2019\\\/06\\\/IMG_4248-e1653995576110.jpg?fit=1920%2C892&ssl=1\",\"width\":1920,\"height\":892,\"caption\":\"Bite Back het jaaroverzicht van 2019\"},{\"@type\":\"BreadcrumbList\",\"@id\":\"https:\\\/\\\/biteback.be\\\/mars-stop-de-dierindustrie-nog-3-weken-te-gaan\\\/#breadcrumb\",\"itemListElement\":[{\"@type\":\"ListItem\",\"position\":1,\"name\":\"Home\",\"item\":\"https:\\\/\\\/biteback.be\\\/\"},{\"@type\":\"ListItem\",\"position\":2,\"name\":\"Mars Stop de Dierindustrie &#8211; nog 3 weken te gaan!\"}]},{\"@type\":\"WebSite\",\"@id\":\"https:\\\/\\\/biteback.be\\\/#website\",\"url\":\"https:\\\/\\\/biteback.be\\\/\",\"name\":\"Bite Back\",\"description\":\"Bite Back - Dierenrechtenorganisatie\",\"publisher\":{\"@id\":\"https:\\\/\\\/biteback.be\\\/#organization\"},\"potentialAction\":[{\"@type\":\"SearchAction\",\"target\":{\"@type\":\"EntryPoint\",\"urlTemplate\":\"https:\\\/\\\/biteback.be\\\/?s={search_term_string}\"},\"query-input\":{\"@type\":\"PropertyValueSpecification\",\"valueRequired\":true,\"valueName\":\"search_term_string\"}}],\"inLanguage\":\"fr-BE\"},{\"@type\":\"Organization\",\"@id\":\"https:\\\/\\\/biteback.be\\\/#organization\",\"name\":\"Bite Back\",\"url\":\"https:\\\/\\\/biteback.be\\\/\",\"logo\":{\"@type\":\"ImageObject\",\"inLanguage\":\"fr-BE\",\"@id\":\"https:\\\/\\\/biteback.be\\\/#\\\/schema\\\/logo\\\/image\\\/\",\"url\":\"https:\\\/\\\/i0.wp.com\\\/biteback.be\\\/wp-content\\\/uploads\\\/2023\\\/09\\\/bite-back-logo-1.jpg?fit=212%2C80&ssl=1\",\"contentUrl\":\"https:\\\/\\\/i0.wp.com\\\/biteback.be\\\/wp-content\\\/uploads\\\/2023\\\/09\\\/bite-back-logo-1.jpg?fit=212%2C80&ssl=1\",\"width\":212,\"height\":80,\"caption\":\"Bite Back\"},\"image\":{\"@id\":\"https:\\\/\\\/biteback.be\\\/#\\\/schema\\\/logo\\\/image\\\/\"}},{\"@type\":\"Person\",\"@id\":\"https:\\\/\\\/biteback.be\\\/#\\\/schema\\\/person\\\/d8b9611b10a6887c6d10ac2d6f176366\",\"name\":\"Sara Surinx\",\"url\":\"https:\\\/\\\/biteback.be\\\/fr\\\/author\\\/sara\\\/\"}]}<\/script>\n<!-- \/ Yoast SEO plugin. -->","yoast_head_json":{"title":"Mars Stop de Dierindustrie - nog 3 weken te gaan! - Bite Back","robots":{"index":"index","follow":"follow","max-snippet":"max-snippet:-1","max-image-preview":"max-image-preview:large","max-video-preview":"max-video-preview:-1"},"canonical":"https:\/\/biteback.be\/fr\/mars-stop-de-dierindustrie-nog-3-weken-te-gaan\/","og_locale":"fr_FR","og_type":"article","og_title":"Mars Stop de Dierindustrie - nog 3 weken te gaan! - Bite Back","og_description":"Wat willen wij? Alle dieren vrij! Op 18 juni organiseert dierenrechtenorganisatie Bite Back de Mars Stop de Dierindustrie in Brussel. We willen met deze mars de noden van de dieren in de kijker&hellip;","og_url":"https:\/\/biteback.be\/fr\/mars-stop-de-dierindustrie-nog-3-weken-te-gaan\/","og_site_name":"Bite Back","article_published_time":"2023-05-28T13:00:43+00:00","og_image":[{"width":1920,"height":892,"url":"https:\/\/i0.wp.com\/biteback.be\/wp-content\/uploads\/2019\/06\/IMG_4248-e1653995576110.jpg?fit=1920%2C892&ssl=1","type":"image\/jpeg"}],"author":"Sara Surinx","twitter_card":"summary_large_image","twitter_misc":{"\u00c9crit par":"Sara Surinx","Dur\u00e9e de lecture est.":"2 minutes"},"schema":{"@context":"https:\/\/schema.org","@graph":[{"@type":"Article","@id":"https:\/\/biteback.be\/mars-stop-de-dierindustrie-nog-3-weken-te-gaan\/#article","isPartOf":{"@id":"https:\/\/biteback.be\/mars-stop-de-dierindustrie-nog-3-weken-te-gaan\/"},"author":{"name":"Sara Surinx","@id":"https:\/\/biteback.be\/#\/schema\/person\/d8b9611b10a6887c6d10ac2d6f176366"},"headline":"Mars Stop de Dierindustrie &#8211; nog 3 weken te gaan!","datePublished":"2023-05-28T13:00:43+00:00","mainEntityOfPage":{"@id":"https:\/\/biteback.be\/mars-stop-de-dierindustrie-nog-3-weken-te-gaan\/"},"wordCount":388,"commentCount":0,"publisher":{"@id":"https:\/\/biteback.be\/#organization"},"image":{"@id":"https:\/\/biteback.be\/mars-stop-de-dierindustrie-nog-3-weken-te-gaan\/#primaryimage"},"thumbnailUrl":"https:\/\/i0.wp.com\/biteback.be\/wp-content\/uploads\/2019\/06\/IMG_4248-e1653995576110.jpg?fit=1920%2C892&ssl=1","articleSection":["Stop de Dierindustrie"],"inLanguage":"fr-BE","potentialAction":[{"@type":"CommentAction","name":"Comment","target":["https:\/\/biteback.be\/mars-stop-de-dierindustrie-nog-3-weken-te-gaan\/#respond"]}]},{"@type":"WebPage","@id":"https:\/\/biteback.be\/mars-stop-de-dierindustrie-nog-3-weken-te-gaan\/","url":"https:\/\/biteback.be\/mars-stop-de-dierindustrie-nog-3-weken-te-gaan\/","name":"Mars Stop de Dierindustrie - nog 3 weken te gaan! - Bite Back","isPartOf":{"@id":"https:\/\/biteback.be\/#website"},"primaryImageOfPage":{"@id":"https:\/\/biteback.be\/mars-stop-de-dierindustrie-nog-3-weken-te-gaan\/#primaryimage"},"image":{"@id":"https:\/\/biteback.be\/mars-stop-de-dierindustrie-nog-3-weken-te-gaan\/#primaryimage"},"thumbnailUrl":"https:\/\/i0.wp.com\/biteback.be\/wp-content\/uploads\/2019\/06\/IMG_4248-e1653995576110.jpg?fit=1920%2C892&ssl=1","datePublished":"2023-05-28T13:00:43+00:00","breadcrumb":{"@id":"https:\/\/biteback.be\/mars-stop-de-dierindustrie-nog-3-weken-te-gaan\/#breadcrumb"},"inLanguage":"fr-BE","potentialAction":[{"@type":"ReadAction","target":["https:\/\/biteback.be\/mars-stop-de-dierindustrie-nog-3-weken-te-gaan\/"]}]},{"@type":"ImageObject","inLanguage":"fr-BE","@id":"https:\/\/biteback.be\/mars-stop-de-dierindustrie-nog-3-weken-te-gaan\/#primaryimage","url":"https:\/\/i0.wp.com\/biteback.be\/wp-content\/uploads\/2019\/06\/IMG_4248-e1653995576110.jpg?fit=1920%2C892&ssl=1","contentUrl":"https:\/\/i0.wp.com\/biteback.be\/wp-content\/uploads\/2019\/06\/IMG_4248-e1653995576110.jpg?fit=1920%2C892&ssl=1","width":1920,"height":892,"caption":"Bite Back het jaaroverzicht van 2019"},{"@type":"BreadcrumbList","@id":"https:\/\/biteback.be\/mars-stop-de-dierindustrie-nog-3-weken-te-gaan\/#breadcrumb","itemListElement":[{"@type":"ListItem","position":1,"name":"Home","item":"https:\/\/biteback.be\/"},{"@type":"ListItem","position":2,"name":"Mars Stop de Dierindustrie &#8211; nog 3 weken te gaan!"}]},{"@type":"WebSite","@id":"https:\/\/biteback.be\/#website","url":"https:\/\/biteback.be\/","name":"Bite Back","description":"Bite Back - Dierenrechtenorganisatie","publisher":{"@id":"https:\/\/biteback.be\/#organization"},"potentialAction":[{"@type":"SearchAction","target":{"@type":"EntryPoint","urlTemplate":"https:\/\/biteback.be\/?s={search_term_string}"},"query-input":{"@type":"PropertyValueSpecification","valueRequired":true,"valueName":"search_term_string"}}],"inLanguage":"fr-BE"},{"@type":"Organization","@id":"https:\/\/biteback.be\/#organization","name":"Bite Back","url":"https:\/\/biteback.be\/","logo":{"@type":"ImageObject","inLanguage":"fr-BE","@id":"https:\/\/biteback.be\/#\/schema\/logo\/image\/","url":"https:\/\/i0.wp.com\/biteback.be\/wp-content\/uploads\/2023\/09\/bite-back-logo-1.jpg?fit=212%2C80&ssl=1","contentUrl":"https:\/\/i0.wp.com\/biteback.be\/wp-content\/uploads\/2023\/09\/bite-back-logo-1.jpg?fit=212%2C80&ssl=1","width":212,"height":80,"caption":"Bite Back"},"image":{"@id":"https:\/\/biteback.be\/#\/schema\/logo\/image\/"}},{"@type":"Person","@id":"https:\/\/biteback.be\/#\/schema\/person\/d8b9611b10a6887c6d10ac2d6f176366","name":"Sara Surinx","url":"https:\/\/biteback.be\/fr\/author\/sara\/"}]}},"jetpack_featured_media_url":"https:\/\/i0.wp.com\/biteback.be\/wp-content\/uploads\/2019\/06\/IMG_4248-e1653995576110.jpg?fit=1920%2C892&ssl=1","jetpack_sharing_enabled":true,"jetpack-related-posts":[],"jetpack_shortlink":"https:\/\/wp.me\/pf4e0W-jiC","_links":{"self":[{"href":"https:\/\/biteback.be\/fr\/wp-json\/wp\/v2\/posts\/74190","targetHints":{"allow":["GET"]}}],"collection":[{"href":"https:\/\/biteback.be\/fr\/wp-json\/wp\/v2\/posts"}],"about":[{"href":"https:\/\/biteback.be\/fr\/wp-json\/wp\/v2\/types\/post"}],"author":[{"embeddable":true,"href":"https:\/\/biteback.be\/fr\/wp-json\/wp\/v2\/users\/3"}],"replies":[{"embeddable":true,"href":"https:\/\/biteback.be\/fr\/wp-json\/wp\/v2\/comments?post=74190"}],"version-history":[{"count":0,"href":"https:\/\/biteback.be\/fr\/wp-json\/wp\/v2\/posts\/74190\/revisions"}],"wp:featuredmedia":[{"embeddable":true,"href":"https:\/\/biteback.be\/fr\/wp-json\/wp\/v2\/media\/55414"}],"wp:attachment":[{"href":"https:\/\/biteback.be\/fr\/wp-json\/wp\/v2\/media?parent=74190"}],"wp:term":[{"taxonomy":"category","embeddable":true,"href":"https:\/\/biteback.be\/fr\/wp-json\/wp\/v2\/categories?post=74190"},{"taxonomy":"post_tag","embeddable":true,"href":"https:\/\/biteback.be\/fr\/wp-json\/wp\/v2\/tags?post=74190"}],"curies":[{"name":"wp","href":"https:\/\/api.w.org\/{rel}","templated":true}]}}