{"id":73127,"date":"2023-03-07T12:23:26","date_gmt":"2023-03-07T11:23:26","guid":{"rendered":"https:\/\/biteback.be\/?p=73127"},"modified":"2024-05-16T10:15:07","modified_gmt":"2024-05-16T09:15:07","slug":"bite-back-voert-actie-tegen-varkensslachthuis-sus-campiniae","status":"publish","type":"post","link":"https:\/\/biteback.be\/fr\/bite-back-voert-actie-tegen-varkensslachthuis-sus-campiniae\/","title":{"rendered":"Bite Back prend des mesures contre l'abattoir de porcs de Sus Campiniae"},"content":{"rendered":"<div data-elementor-type=\"wp-post\" data-elementor-id=\"73127\" class=\"elementor elementor-73127\">\n\t\t\t\t\t\t<section class=\"elementor-section elementor-top-section elementor-element elementor-element-5fbdb434 elementor-section-boxed elementor-section-height-default elementor-section-height-default\" data-id=\"5fbdb434\" data-element_type=\"section\" data-e-type=\"section\">\n\t\t\t\t\t\t<div class=\"elementor-container elementor-column-gap-extended\">\n\t\t\t\t\t<div class=\"elementor-column elementor-col-100 elementor-top-column elementor-element elementor-element-356b5a7d sc_inner_width_none sc_content_align_inherit sc_layouts_column_icons_position_left\" data-id=\"356b5a7d\" data-element_type=\"column\" data-e-type=\"column\">\n\t\t\t<div class=\"elementor-widget-wrap elementor-element-populated\">\n\t\t\t\t\t\t<div class=\"elementor-element elementor-element-6b00b543 sc_fly_static elementor-widget elementor-widget-text-editor\" data-id=\"6b00b543\" data-element_type=\"widget\" data-e-type=\"widget\" data-widget_type=\"text-editor.default\">\n\t\t\t\t<div class=\"elementor-widget-container\">\n\t\t\t\t\t\t\t\t\t<p><b>Op zaterdag 4 maart organiseerde dierenrechtenorganisatie Bite Back een protest- en herdenkingsactie aan het grootste varkensslachthuis van Belgi\u00eb. Bite Back voert reeds sinds 2015 actie tegen slachthuis Sus Campiniae in Oevel (Westerlo). Uit inspectieverslagen die Bite Back kon inkijken blijkt dat er heel wat varkens in het slachthuis toekomen die geslaan werden, kreupel zijn en abcessen of necroseplekken hebben.<\/b><\/p>\n<p>Tientallen actievoerders kwamen rond de middag samen aan het slachthuis. Ze wandelden tezamen naar de poorten en hielden daar halt. Met actieborden en -banners maakten ze hun boodschap duidelijk. Bite Back bestuurslid, Hanne Cools, bracht een krachtige speech. Deze werd gevolgd door een pakkende toesprak van Bite Back co\u00f6rdinator, Sara Surinx (dewelke je <a href=\"https:\/\/biteback.be\/fr\/laten-we-samen-blijven-opkomen-voor-dierenrechten-en-ons-verzetten-tegen-de-veehouderij-en-de-slachthuizen\/\">hier kunt lezen<\/a>). De activisten hielden enkele minuten stilte om de miljoenen dieren die hier reeds gedood werden, te herdenken. Ze sloten af door persoonlijke boodschappen aan de dieren, of over de industrie, aan het hek van het slachthuis te bevestigen.<\/p>\n<p>De actie kwam niet alleen in het nationaal radiojournaal, we verschenen onder andere ook op <a href=\"https:\/\/www.hln.be\/westerlo\/dierenrechtenorganisatie-bite-back-houdt-protestactie-aan-slachthuis-sus-campiniae-er-is-geen-diervriendelijke-manier-om-dieren-te-slachten~adc63f80\/\">HLN<\/a>, <a href=\"https:\/\/www.nieuwsblad.be\/cnt\/dmf20230304_95136586\">Nieuwsblad<\/a>, <a href=\"https:\/\/www.gva.be\/cnt\/dmf20230304_95136586\">GVA<\/a>, <a href=\"https:\/\/www.rtv.be\/artikels\/bite-back-klaagt-varkensleed-aan-a127736\">RTV<\/a>, <a href=\"https:\/\/brf.be\/national\/1697518\/\">BRF<\/a> et <a href=\"https:\/\/www.rtl.be\/actu\/magazine\/animaux\/des-defenseurs-des-animaux-manifestent-devant-un-abattoir-de-westerlo\/2023-03-04\/article\/529922\">RTL<\/a>.<\/p>\n<h2><span style=\"font-weight: 400;\">Een zieke industrie, met uw belastinggeld.<\/span><\/h2>\n<p><span style=\"font-weight: 400;\">Uit een Duits onderzoek van begin dit jaar blijkt dat heel wat dieren sterven in Vlaamse stallen. Het zijn hallucinante cijfers. Wanneer we specifiek naar varkens kijken, gaat het over <\/span><b>550.000 dieren <\/b><span style=\"font-weight: 400;\">die aan hun verwondingen en ziektes sterven.&nbsp;<\/span><\/p>\n<p><span style=\"font-weight: 400;\">De dode varkens, en andere dieren, worden opgehaald door Rendac. Vlaanderen betaalt <\/span><b>jaarlijks 7.443.834 euro <\/b><span style=\"font-weight: 400;\">aan het ophalen van kadavers van landbouwdieren met belastinggeld.&nbsp;<\/span><\/p>\n<p><span style=\"font-weight: 400;\">Sara Surinx, Bite Back: <\/span><i><span style=\"font-weight: 400;\">\u201cVlaanderen sponsort de vee-industrie niet alleen door middel van subsidies, ze geven ook miljoenen belastinggeld uit aan het ophalen van dode landbouwdieren. <\/span><\/i><i><span style=\"font-weight: 400;\">Met andere woorden, een enorm aantal dieren sterft in de stallen en op weg naar het slachthuis en in plaats voor hun belangen op te komen sponsort Vlaanderen de ruiming van die dode dieren.<\/span><\/i><i><span style=\"font-weight: 400;\">\u201d&nbsp;<\/span><\/i><\/p>\n<h2><span style=\"font-weight: 400;\">Zieke varkens naar het slachthuis<\/span><\/h2>\n<p><span style=\"font-weight: 400;\">Maar niet alle varkens bezwijken vroegtijdig aan hun verwondingen. Bite Back kon, dankzij de wet openbaarheid van bestuur, inspectieverslagen van het slachthuis Sus Campiniae inkijken. Ze namen meer dan 60 verslagen door over een periode van 2 jaar.&nbsp;&nbsp;<\/span><\/p>\n<p><span style=\"font-weight: 400;\">Uit deze verslagen blijkt dat de varkens op weg naar en in het slachthuis meermaals <\/span><b>geslaan<\/b><span style=\"font-weight: 400;\"> werden met de klophamer. De dieren staan vol krassen, slagletsels en punten waarop de nummers van de klophamer nog zichtbaar zijn. Varkens met enorme <\/span><b>abcessen<\/b><span style=\"font-weight: 400;\"> et <\/span><b>liesbreuken<\/b><span style=\"font-weight: 400;\"> zijn ook geen uitzondering. Sommige abcessen waren zo enorm dat de dieren er nauwelijks nog mee konden lopen, regelmatig waren ze meer dan 20 cm groot. Wonden die etterden en diverse varkens met <\/span><b>necroseplekken<\/b><span style=\"font-weight: 400;\">. <\/span><b>Kreupele varkens<\/b><span style=\"font-weight: 400;\"> en dieren die zelfs niet meer rechtop konden staan.&nbsp;<\/span><\/p>\n<p><span style=\"font-weight: 400;\">Sara Surinx vervolgt: <\/span><i><span style=\"font-weight: 400;\">\u201cWat varkensboeren, veetransportbedrijven en slachthuizen ons ook willen wijsmaken; er is geen diervriendelijke manier om dieren te slachten. Het is duidelijk dat er heel wat leed voorafgaat aan het slachtproces en dat ook het slachtproces zelf uiterst pijnlijk en stresserend is. Het is tijd om te investeren in een industrie die werkelijk diervriendelijk is en dieren niet als producten beschouwt.\u201d&nbsp;<\/span><\/i><\/p>\n<h2><span style=\"font-weight: 400;\">Protest slachthuis Oevel gaat verder<\/span><\/h2>\n<p><span style=\"font-weight: 400;\">Bite Back heeft een geschiedenis met slachthuis Sus Campiniae. Reeds sinds de bouwaanvraag, steunen we de lokale inwoners in haar strijd tegen de bouw van een slachthuis in hun gemeente. Ook toen aan de milieuvergunning niet voldaan bleef, vroegen we de sluiting. Zes jaar geleden gingen de deuren van dit slachthuis open, in februari 2017. 40.000 varkens per week worden hier de dood ingejaagd. Dat wil zeggen dat er ondertussen <\/span><b>reeds 12,5 miljoen varkens geslacht werden in Oevel<\/b><span style=\"font-weight: 400;\">. Tijdens de actie stond Bite Back stil bij de varkens die hier de afgelopen 6 jaar gedood werden.<\/span><\/p>\n<p><span style=\"font-weight: 400;\">We vragen mensen stil te staan bij het onwerkelijke aantal dieren dat hier de dood vindt. Dieren die op 6 maanden jong geslacht worden, terwijl ze 10 tot 12 jaar oud kunnen worden. Dieren die te lijden hebben onder de industri\u00eble druk naar winst, wat voor tal van gezondheidsproblemen zorgt. Dieren die een hoge intelligentie hebben en emoties kunnen ervaren.<\/span><\/p>\n<ul>\n<li><a href=\"https:\/\/www.foodwatch.org\/de\/pressemitteilungen\/2023\/von-bio-bis-konventionell-in-allen-haltungsformen-leiden-nutztiere-unter-krankheiten\/\"><span style=\"font-weight: 400;\">https:\/\/www.foodwatch.org\/de\/pressemitteilungen\/2023\/von-bio-bis-konventionell-in-allen-haltungsformen-leiden-nutztiere-unter-krankheiten\/<\/span><\/a><\/li><li>schriftelijke vraag nr. 1007 van 4 juli 2022 van Chris Steenwegen aan minister Demir<\/li><li>schriftelijke vraag nr. 75 van 17 oktober 2022 van Meyrem Almaci aan minister Brouns<\/li><\/ul>\t\t\t\t\t\t\t\t<\/div>\n\t\t\t\t<\/div>\n\t\t\t\t\t<\/div>\n\t\t<\/div>\n\t\t\t\t\t<\/div>\n\t\t<\/section>\n\t\t\t\t<\/div>","protected":false},"excerpt":{"rendered":"<p>Le samedi 4 mars, l'organisation de d\u00e9fense des droits des animaux Bite Back a organis\u00e9 une manifestation et une comm\u00e9moration dans le plus grand abattoir de porcs de Belgique.<\/p>","protected":false},"author":3,"featured_media":73137,"comment_status":"open","ping_status":"open","sticky":false,"template":"","format":"standard","meta":{"_jetpack_memberships_contains_paid_content":false,"footnotes":""},"categories":[54],"tags":[55,56,57,58,59,60,62,63],"class_list":["post-73127","post","type-post","status-publish","format-standard","has-post-thumbnail","hentry","category-stop-de-dierindustrie","tag-dierenwelzijn","tag-mishandeling","tag-slachthuis-oevel","tag-slachthuis-sus-campiniae","tag-slachthuizen","tag-sluit-de-slachthuizen","tag-varkens","tag-zieke-varkens"],"yoast_head":"<!-- This site is optimized with the Yoast SEO plugin v27.5 - https:\/\/yoast.com\/product\/yoast-seo-wordpress\/ -->\n<title>Bite Back voert actie tegen varkensslachthuis Sus Campiniae - Bite Back<\/title>\n<meta name=\"description\" content=\"Op zaterdag 4 maart voerde dierenrechtenorganisatie Bite Back een protest- en herdenkingsactie aan het grootste varkensslachthuis van Belgi\u00c3\u0192\u00c2\u00ab.\" \/>\n<meta name=\"robots\" content=\"index, follow, max-snippet:-1, max-image-preview:large, max-video-preview:-1\" \/>\n<link rel=\"canonical\" href=\"https:\/\/biteback.be\/fr\/bite-back-voert-actie-tegen-varkensslachthuis-sus-campiniae\/\" \/>\n<meta property=\"og:locale\" content=\"fr_FR\" \/>\n<meta property=\"og:type\" content=\"article\" \/>\n<meta property=\"og:title\" content=\"Bite Back voert actie tegen varkensslachthuis Sus Campiniae - Bite Back\" \/>\n<meta property=\"og:description\" content=\"Op zaterdag 4 maart voerde dierenrechtenorganisatie Bite Back een protest- en herdenkingsactie aan het grootste varkensslachthuis van Belgi\u00c3\u0192\u00c2\u00ab.\" \/>\n<meta property=\"og:url\" content=\"https:\/\/biteback.be\/fr\/bite-back-voert-actie-tegen-varkensslachthuis-sus-campiniae\/\" \/>\n<meta property=\"og:site_name\" content=\"Bite Back\" \/>\n<meta property=\"article:published_time\" content=\"2023-03-07T11:23:26+00:00\" \/>\n<meta property=\"article:modified_time\" content=\"2024-05-16T09:15:07+00:00\" \/>\n<meta property=\"og:image\" content=\"https:\/\/i0.wp.com\/biteback.be\/wp-content\/uploads\/2023\/03\/x-_MG_3870.jpg?fit=1200%2C800&ssl=1\" \/>\n\t<meta property=\"og:image:width\" content=\"1200\" \/>\n\t<meta property=\"og:image:height\" content=\"800\" \/>\n\t<meta property=\"og:image:type\" content=\"image\/jpeg\" \/>\n<meta name=\"author\" content=\"Sara Surinx\" \/>\n<meta name=\"twitter:card\" content=\"summary_large_image\" \/>\n<meta name=\"twitter:label1\" content=\"\u00c9crit par\" \/>\n\t<meta name=\"twitter:data1\" content=\"Sara Surinx\" \/>\n\t<meta name=\"twitter:label2\" content=\"Dur\u00e9e de lecture est.\" \/>\n\t<meta name=\"twitter:data2\" content=\"4 minutes\" \/>\n<script type=\"application\/ld+json\" class=\"yoast-schema-graph\">{\"@context\":\"https:\\\/\\\/schema.org\",\"@graph\":[{\"@type\":\"Article\",\"@id\":\"https:\\\/\\\/biteback.be\\\/bite-back-voert-actie-tegen-varkensslachthuis-sus-campiniae\\\/#article\",\"isPartOf\":{\"@id\":\"https:\\\/\\\/biteback.be\\\/bite-back-voert-actie-tegen-varkensslachthuis-sus-campiniae\\\/\"},\"author\":{\"name\":\"Sara Surinx\",\"@id\":\"https:\\\/\\\/biteback.be\\\/#\\\/schema\\\/person\\\/d8b9611b10a6887c6d10ac2d6f176366\"},\"headline\":\"Bite Back voert actie tegen varkensslachthuis Sus Campiniae\",\"datePublished\":\"2023-03-07T11:23:26+00:00\",\"dateModified\":\"2024-05-16T09:15:07+00:00\",\"mainEntityOfPage\":{\"@id\":\"https:\\\/\\\/biteback.be\\\/bite-back-voert-actie-tegen-varkensslachthuis-sus-campiniae\\\/\"},\"wordCount\":691,\"commentCount\":0,\"publisher\":{\"@id\":\"https:\\\/\\\/biteback.be\\\/#organization\"},\"image\":{\"@id\":\"https:\\\/\\\/biteback.be\\\/bite-back-voert-actie-tegen-varkensslachthuis-sus-campiniae\\\/#primaryimage\"},\"thumbnailUrl\":\"https:\\\/\\\/i0.wp.com\\\/biteback.be\\\/wp-content\\\/uploads\\\/2023\\\/03\\\/x-_MG_3870.jpg?fit=1200%2C800&ssl=1\",\"keywords\":[\"dierenwelzijn\",\"Mishandeling\",\"slachthuis oevel\",\"slachthuis sus campiniae\",\"slachthuizen\",\"Sluit de Slachthuizen\",\"Varkens\",\"zieke varkens\"],\"articleSection\":[\"Stop de Dierindustrie\"],\"inLanguage\":\"fr-BE\",\"potentialAction\":[{\"@type\":\"CommentAction\",\"name\":\"Comment\",\"target\":[\"https:\\\/\\\/biteback.be\\\/bite-back-voert-actie-tegen-varkensslachthuis-sus-campiniae\\\/#respond\"]}]},{\"@type\":\"WebPage\",\"@id\":\"https:\\\/\\\/biteback.be\\\/bite-back-voert-actie-tegen-varkensslachthuis-sus-campiniae\\\/\",\"url\":\"https:\\\/\\\/biteback.be\\\/bite-back-voert-actie-tegen-varkensslachthuis-sus-campiniae\\\/\",\"name\":\"Bite Back voert actie tegen varkensslachthuis Sus Campiniae - Bite Back\",\"isPartOf\":{\"@id\":\"https:\\\/\\\/biteback.be\\\/#website\"},\"primaryImageOfPage\":{\"@id\":\"https:\\\/\\\/biteback.be\\\/bite-back-voert-actie-tegen-varkensslachthuis-sus-campiniae\\\/#primaryimage\"},\"image\":{\"@id\":\"https:\\\/\\\/biteback.be\\\/bite-back-voert-actie-tegen-varkensslachthuis-sus-campiniae\\\/#primaryimage\"},\"thumbnailUrl\":\"https:\\\/\\\/i0.wp.com\\\/biteback.be\\\/wp-content\\\/uploads\\\/2023\\\/03\\\/x-_MG_3870.jpg?fit=1200%2C800&ssl=1\",\"datePublished\":\"2023-03-07T11:23:26+00:00\",\"dateModified\":\"2024-05-16T09:15:07+00:00\",\"description\":\"Op zaterdag 4 maart voerde dierenrechtenorganisatie Bite Back een protest- en herdenkingsactie aan het grootste varkensslachthuis van Belgi\u00c3\u0192\u00c2\u00ab.\",\"breadcrumb\":{\"@id\":\"https:\\\/\\\/biteback.be\\\/bite-back-voert-actie-tegen-varkensslachthuis-sus-campiniae\\\/#breadcrumb\"},\"inLanguage\":\"fr-BE\",\"potentialAction\":[{\"@type\":\"ReadAction\",\"target\":[\"https:\\\/\\\/biteback.be\\\/bite-back-voert-actie-tegen-varkensslachthuis-sus-campiniae\\\/\"]}]},{\"@type\":\"ImageObject\",\"inLanguage\":\"fr-BE\",\"@id\":\"https:\\\/\\\/biteback.be\\\/bite-back-voert-actie-tegen-varkensslachthuis-sus-campiniae\\\/#primaryimage\",\"url\":\"https:\\\/\\\/i0.wp.com\\\/biteback.be\\\/wp-content\\\/uploads\\\/2023\\\/03\\\/x-_MG_3870.jpg?fit=1200%2C800&ssl=1\",\"contentUrl\":\"https:\\\/\\\/i0.wp.com\\\/biteback.be\\\/wp-content\\\/uploads\\\/2023\\\/03\\\/x-_MG_3870.jpg?fit=1200%2C800&ssl=1\",\"width\":1200,\"height\":800,\"caption\":\"Bite Back voert actie tegen varkensslachthuis Sus Campiniae\"},{\"@type\":\"BreadcrumbList\",\"@id\":\"https:\\\/\\\/biteback.be\\\/bite-back-voert-actie-tegen-varkensslachthuis-sus-campiniae\\\/#breadcrumb\",\"itemListElement\":[{\"@type\":\"ListItem\",\"position\":1,\"name\":\"Home\",\"item\":\"https:\\\/\\\/biteback.be\\\/\"},{\"@type\":\"ListItem\",\"position\":2,\"name\":\"Bite Back voert actie tegen varkensslachthuis Sus Campiniae\"}]},{\"@type\":\"WebSite\",\"@id\":\"https:\\\/\\\/biteback.be\\\/#website\",\"url\":\"https:\\\/\\\/biteback.be\\\/\",\"name\":\"Bite Back\",\"description\":\"Bite Back - Dierenrechtenorganisatie\",\"publisher\":{\"@id\":\"https:\\\/\\\/biteback.be\\\/#organization\"},\"potentialAction\":[{\"@type\":\"SearchAction\",\"target\":{\"@type\":\"EntryPoint\",\"urlTemplate\":\"https:\\\/\\\/biteback.be\\\/?s={search_term_string}\"},\"query-input\":{\"@type\":\"PropertyValueSpecification\",\"valueRequired\":true,\"valueName\":\"search_term_string\"}}],\"inLanguage\":\"fr-BE\"},{\"@type\":\"Organization\",\"@id\":\"https:\\\/\\\/biteback.be\\\/#organization\",\"name\":\"Bite Back\",\"url\":\"https:\\\/\\\/biteback.be\\\/\",\"logo\":{\"@type\":\"ImageObject\",\"inLanguage\":\"fr-BE\",\"@id\":\"https:\\\/\\\/biteback.be\\\/#\\\/schema\\\/logo\\\/image\\\/\",\"url\":\"https:\\\/\\\/i0.wp.com\\\/biteback.be\\\/wp-content\\\/uploads\\\/2023\\\/09\\\/bite-back-logo-1.jpg?fit=212%2C80&ssl=1\",\"contentUrl\":\"https:\\\/\\\/i0.wp.com\\\/biteback.be\\\/wp-content\\\/uploads\\\/2023\\\/09\\\/bite-back-logo-1.jpg?fit=212%2C80&ssl=1\",\"width\":212,\"height\":80,\"caption\":\"Bite Back\"},\"image\":{\"@id\":\"https:\\\/\\\/biteback.be\\\/#\\\/schema\\\/logo\\\/image\\\/\"}},{\"@type\":\"Person\",\"@id\":\"https:\\\/\\\/biteback.be\\\/#\\\/schema\\\/person\\\/d8b9611b10a6887c6d10ac2d6f176366\",\"name\":\"Sara Surinx\",\"url\":\"https:\\\/\\\/biteback.be\\\/fr\\\/author\\\/sara\\\/\"}]}<\/script>\n<!-- \/ Yoast SEO plugin. -->","yoast_head_json":{"title":"Bite Back voert actie tegen varkensslachthuis Sus Campiniae - Bite Back","description":"Op zaterdag 4 maart voerde dierenrechtenorganisatie Bite Back een protest- en herdenkingsactie aan het grootste varkensslachthuis van Belgi\u00c3\u0192\u00c2\u00ab.","robots":{"index":"index","follow":"follow","max-snippet":"max-snippet:-1","max-image-preview":"max-image-preview:large","max-video-preview":"max-video-preview:-1"},"canonical":"https:\/\/biteback.be\/fr\/bite-back-voert-actie-tegen-varkensslachthuis-sus-campiniae\/","og_locale":"fr_FR","og_type":"article","og_title":"Bite Back voert actie tegen varkensslachthuis Sus Campiniae - Bite Back","og_description":"Op zaterdag 4 maart voerde dierenrechtenorganisatie Bite Back een protest- en herdenkingsactie aan het grootste varkensslachthuis van Belgi\u00c3\u0192\u00c2\u00ab.","og_url":"https:\/\/biteback.be\/fr\/bite-back-voert-actie-tegen-varkensslachthuis-sus-campiniae\/","og_site_name":"Bite Back","article_published_time":"2023-03-07T11:23:26+00:00","article_modified_time":"2024-05-16T09:15:07+00:00","og_image":[{"width":1200,"height":800,"url":"https:\/\/i0.wp.com\/biteback.be\/wp-content\/uploads\/2023\/03\/x-_MG_3870.jpg?fit=1200%2C800&ssl=1","type":"image\/jpeg"}],"author":"Sara Surinx","twitter_card":"summary_large_image","twitter_misc":{"\u00c9crit par":"Sara Surinx","Dur\u00e9e de lecture est.":"4 minutes"},"schema":{"@context":"https:\/\/schema.org","@graph":[{"@type":"Article","@id":"https:\/\/biteback.be\/bite-back-voert-actie-tegen-varkensslachthuis-sus-campiniae\/#article","isPartOf":{"@id":"https:\/\/biteback.be\/bite-back-voert-actie-tegen-varkensslachthuis-sus-campiniae\/"},"author":{"name":"Sara Surinx","@id":"https:\/\/biteback.be\/#\/schema\/person\/d8b9611b10a6887c6d10ac2d6f176366"},"headline":"Bite Back voert actie tegen varkensslachthuis Sus Campiniae","datePublished":"2023-03-07T11:23:26+00:00","dateModified":"2024-05-16T09:15:07+00:00","mainEntityOfPage":{"@id":"https:\/\/biteback.be\/bite-back-voert-actie-tegen-varkensslachthuis-sus-campiniae\/"},"wordCount":691,"commentCount":0,"publisher":{"@id":"https:\/\/biteback.be\/#organization"},"image":{"@id":"https:\/\/biteback.be\/bite-back-voert-actie-tegen-varkensslachthuis-sus-campiniae\/#primaryimage"},"thumbnailUrl":"https:\/\/i0.wp.com\/biteback.be\/wp-content\/uploads\/2023\/03\/x-_MG_3870.jpg?fit=1200%2C800&ssl=1","keywords":["dierenwelzijn","Mishandeling","slachthuis oevel","slachthuis sus campiniae","slachthuizen","Sluit de Slachthuizen","Varkens","zieke varkens"],"articleSection":["Stop de Dierindustrie"],"inLanguage":"fr-BE","potentialAction":[{"@type":"CommentAction","name":"Comment","target":["https:\/\/biteback.be\/bite-back-voert-actie-tegen-varkensslachthuis-sus-campiniae\/#respond"]}]},{"@type":"WebPage","@id":"https:\/\/biteback.be\/bite-back-voert-actie-tegen-varkensslachthuis-sus-campiniae\/","url":"https:\/\/biteback.be\/bite-back-voert-actie-tegen-varkensslachthuis-sus-campiniae\/","name":"Bite Back voert actie tegen varkensslachthuis Sus Campiniae - Bite Back","isPartOf":{"@id":"https:\/\/biteback.be\/#website"},"primaryImageOfPage":{"@id":"https:\/\/biteback.be\/bite-back-voert-actie-tegen-varkensslachthuis-sus-campiniae\/#primaryimage"},"image":{"@id":"https:\/\/biteback.be\/bite-back-voert-actie-tegen-varkensslachthuis-sus-campiniae\/#primaryimage"},"thumbnailUrl":"https:\/\/i0.wp.com\/biteback.be\/wp-content\/uploads\/2023\/03\/x-_MG_3870.jpg?fit=1200%2C800&ssl=1","datePublished":"2023-03-07T11:23:26+00:00","dateModified":"2024-05-16T09:15:07+00:00","description":"Op zaterdag 4 maart voerde dierenrechtenorganisatie Bite Back een protest- en herdenkingsactie aan het grootste varkensslachthuis van Belgi\u00c3\u0192\u00c2\u00ab.","breadcrumb":{"@id":"https:\/\/biteback.be\/bite-back-voert-actie-tegen-varkensslachthuis-sus-campiniae\/#breadcrumb"},"inLanguage":"fr-BE","potentialAction":[{"@type":"ReadAction","target":["https:\/\/biteback.be\/bite-back-voert-actie-tegen-varkensslachthuis-sus-campiniae\/"]}]},{"@type":"ImageObject","inLanguage":"fr-BE","@id":"https:\/\/biteback.be\/bite-back-voert-actie-tegen-varkensslachthuis-sus-campiniae\/#primaryimage","url":"https:\/\/i0.wp.com\/biteback.be\/wp-content\/uploads\/2023\/03\/x-_MG_3870.jpg?fit=1200%2C800&ssl=1","contentUrl":"https:\/\/i0.wp.com\/biteback.be\/wp-content\/uploads\/2023\/03\/x-_MG_3870.jpg?fit=1200%2C800&ssl=1","width":1200,"height":800,"caption":"Bite Back voert actie tegen varkensslachthuis Sus Campiniae"},{"@type":"BreadcrumbList","@id":"https:\/\/biteback.be\/bite-back-voert-actie-tegen-varkensslachthuis-sus-campiniae\/#breadcrumb","itemListElement":[{"@type":"ListItem","position":1,"name":"Home","item":"https:\/\/biteback.be\/"},{"@type":"ListItem","position":2,"name":"Bite Back voert actie tegen varkensslachthuis Sus Campiniae"}]},{"@type":"WebSite","@id":"https:\/\/biteback.be\/#website","url":"https:\/\/biteback.be\/","name":"Bite Back","description":"Bite Back - Dierenrechtenorganisatie","publisher":{"@id":"https:\/\/biteback.be\/#organization"},"potentialAction":[{"@type":"SearchAction","target":{"@type":"EntryPoint","urlTemplate":"https:\/\/biteback.be\/?s={search_term_string}"},"query-input":{"@type":"PropertyValueSpecification","valueRequired":true,"valueName":"search_term_string"}}],"inLanguage":"fr-BE"},{"@type":"Organization","@id":"https:\/\/biteback.be\/#organization","name":"Bite Back","url":"https:\/\/biteback.be\/","logo":{"@type":"ImageObject","inLanguage":"fr-BE","@id":"https:\/\/biteback.be\/#\/schema\/logo\/image\/","url":"https:\/\/i0.wp.com\/biteback.be\/wp-content\/uploads\/2023\/09\/bite-back-logo-1.jpg?fit=212%2C80&ssl=1","contentUrl":"https:\/\/i0.wp.com\/biteback.be\/wp-content\/uploads\/2023\/09\/bite-back-logo-1.jpg?fit=212%2C80&ssl=1","width":212,"height":80,"caption":"Bite Back"},"image":{"@id":"https:\/\/biteback.be\/#\/schema\/logo\/image\/"}},{"@type":"Person","@id":"https:\/\/biteback.be\/#\/schema\/person\/d8b9611b10a6887c6d10ac2d6f176366","name":"Sara Surinx","url":"https:\/\/biteback.be\/fr\/author\/sara\/"}]}},"jetpack_featured_media_url":"https:\/\/i0.wp.com\/biteback.be\/wp-content\/uploads\/2023\/03\/x-_MG_3870.jpg?fit=1200%2C800&ssl=1","jetpack_sharing_enabled":true,"jetpack-related-posts":[],"jetpack_shortlink":"https:\/\/wp.me\/pf4e0W-j1t","_links":{"self":[{"href":"https:\/\/biteback.be\/fr\/wp-json\/wp\/v2\/posts\/73127","targetHints":{"allow":["GET"]}}],"collection":[{"href":"https:\/\/biteback.be\/fr\/wp-json\/wp\/v2\/posts"}],"about":[{"href":"https:\/\/biteback.be\/fr\/wp-json\/wp\/v2\/types\/post"}],"author":[{"embeddable":true,"href":"https:\/\/biteback.be\/fr\/wp-json\/wp\/v2\/users\/3"}],"replies":[{"embeddable":true,"href":"https:\/\/biteback.be\/fr\/wp-json\/wp\/v2\/comments?post=73127"}],"version-history":[{"count":3,"href":"https:\/\/biteback.be\/fr\/wp-json\/wp\/v2\/posts\/73127\/revisions"}],"predecessor-version":[{"id":80906,"href":"https:\/\/biteback.be\/fr\/wp-json\/wp\/v2\/posts\/73127\/revisions\/80906"}],"wp:featuredmedia":[{"embeddable":true,"href":"https:\/\/biteback.be\/fr\/wp-json\/wp\/v2\/media\/73137"}],"wp:attachment":[{"href":"https:\/\/biteback.be\/fr\/wp-json\/wp\/v2\/media?parent=73127"}],"wp:term":[{"taxonomy":"category","embeddable":true,"href":"https:\/\/biteback.be\/fr\/wp-json\/wp\/v2\/categories?post=73127"},{"taxonomy":"post_tag","embeddable":true,"href":"https:\/\/biteback.be\/fr\/wp-json\/wp\/v2\/tags?post=73127"}],"curies":[{"name":"wp","href":"https:\/\/api.w.org\/{rel}","templated":true}]}}